{"id":174,"date":"2026-02-20T22:00:00","date_gmt":"2026-02-20T22:00:00","guid":{"rendered":"https:\/\/fragmentos.zabeleta.pt\/?p=174"},"modified":"2026-07-05T17:56:54","modified_gmt":"2026-07-05T17:56:54","slug":"o-tirano-dourado","status":"publish","type":"post","link":"https:\/\/fragmentos.zabeleta.pt\/?p=174","title":{"rendered":"O Tirano Dourado"},"content":{"rendered":"\n<p class=\"wp-block-paragraph\">N\u00f3s adoramos a Luz, mas esquecemos frequentemente a sua natureza predat\u00f3ria.<\/p>\n\n\n\n<p class=\"wp-block-paragraph\">Na taxonomia dos c\u00e9us, este \u00e9 o Grande Regente. Ele senta-se no trono do nosso pequeno sistema, a bigorna de gravidade em torno da qual todos os outros Errantes e Espelhos Secund\u00e1rios dan\u00e7am a sua eterna submiss\u00e3o. Ele \u00e9 a vontade inquestion\u00e1vel, o centro da m\u00e1quina.<\/p>\n\n\n\n<p class=\"wp-block-paragraph\">Mas na arquitectura d&#8217;A Busca, ele \u00e9 o Supremo Ilusionista.<\/p>\n\n\n\n<p class=\"wp-block-paragraph\">Pense nisto: a sua luz \u00e9 t\u00e3o densa, a sua presen\u00e7a t\u00e3o absoluta, que quando ele abre o olho, o Infinito desaparece. O Dia n\u00e3o \u00e9 mais do que uma cegueira luminosa. Sob o dom\u00ednio deste Tirano Dourado, o Abismo profundo, as gal\u00e1xias irm\u00e3s, a Forja de Os\u00edris e a subtil tape\u00e7aria das constela\u00e7\u00f5es s\u00e3o completamente varridos da nossa vis\u00e3o.<\/p>\n\n\n\n<p class=\"wp-block-paragraph\">Ele convence-nos, do amanhecer ao crep\u00fasculo, de que apenas ele e a Terra existem. Ele \u00e9 o v\u00e9u mais espesso, forjado n\u00e3o de trevas, mas de gl\u00f3ria.<\/p>\n\n\n\n<p class=\"has-text-align-center wp-block-paragraph\" style=\"line-height:4\">*\u00a0\u00a0\u00a0*\u00a0\u00a0\u00a0*<\/p>\n\n\n\n<p class=\"wp-block-paragraph\">A astrofotografia, no entanto, \u00e9 o acto de despir as ilus\u00f5es. E a fotografia deste Fragmento revela a grande mentira da sua perfei\u00e7\u00e3o.<\/p>\n\n\n\n<p class=\"wp-block-paragraph\">Durante mil\u00e9nios, os dogmas afirmaram que os c\u00e9us eram incorrupt\u00edveis e que o Sol era um globo puro e imaculado. Contudo, a lente filtrada e a vis\u00e3o armada de quem ousa olhar mostram as m\u00e1culas. As manchas solares.<\/p>\n\n\n\n<p class=\"wp-block-paragraph\">Aqueles abismos negros que brotam na sua superf\u00edcie n\u00e3o s\u00e3o sombras passageiras. S\u00e3o v\u00f3rtices de pura viol\u00eancia magn\u00e9tica. S\u00e3o locais onde a sua pr\u00f3pria for\u00e7a se torce, arrefece e bloqueia a luz de dentro para fora. Elas provam que, mesmo no cora\u00e7\u00e3o da fornalha mais brilhante, a escurid\u00e3o ferve e reivindica o seu espa\u00e7o. A Luz nunca \u00e9 absoluta.<\/p>\n\n\n\n<p class=\"wp-block-paragraph\">Na Alquimia, ele \u00e9 o Ouro. A meta final, o metal incorrupt\u00edvel. Mas o verdadeiro alquimista sabe que adorar o ouro f\u00edsico \u00e9 a armadilha do ego. O objectivo de decifrar o Cosmos n\u00e3o \u00e9 fixar os olhos no Sol vis\u00edvel, mas despertar o <em>Sol Niger<\/em> \u2014 o Sol Negro interior. A luz que brilha apenas quando os olhos da carne se fecham e a vaidade do intelecto se aquieta.<\/p>\n\n\n\n<p class=\"wp-block-paragraph\">A sua combust\u00e3o \u00e9 um acto de sacrif\u00edcio cont\u00ednuo. Ele devora a sua pr\u00f3pria subst\u00e2ncia num holocausto nuclear, transmutando mat\u00e9ria em energia pura para projectar fot\u00f5es pelo v\u00e1cuo. Ele d\u00e1-nos o f\u00f4lego da vida biol\u00f3gica, sim. Mas cobra um pre\u00e7o alt\u00edssimo: aprisiona a nossa vis\u00e3o c\u00f3smica.<\/p>\n\n\n\n<p class=\"wp-block-paragraph\">Para capturar este Fragmento, o observador teve de colocar barreiras. Filtros escuros e vidro denso. Porque a Verdade nua e directa deste astro destr\u00f3i quem tenta compreend\u00ea-la de frente.<\/p>\n\n\n\n<p class=\"wp-block-paragraph\">Ele ensina-nos a li\u00e7\u00e3o mais paradoxal de todo O Codex: existem luzes que nos guiam na escurid\u00e3o, e existem luzes que foram desenhadas para nos manter cegos.<\/p>\n\n\n\n<p class=\"wp-block-paragraph\">Decifrar o Cosmos exige, acima de tudo, saber quando \u00e9 a hora de esperar que o Rei feche os olhos.<\/p>\n\n\n\n<div style=\"height:30px\" aria-hidden=\"true\" class=\"wp-block-spacer\"><\/div>\n\n\n\n<p class=\"has-contrast-2-color has-text-color has-link-color has-small-font-size wp-elements-1 wp-block-paragraph\"><em>Registo efectuado a 20 de Fevereiro de 2026, a partir do Umbral de Brogueira.<\/em><\/p>\n\n\n<div  id=\"jtg-176\" class=\"modula modula-gallery modula-columns\" data-config=\"{&quot;tabletHeight&quot;:800,&quot;mobileHeight&quot;:800,&quot;desktopHeight&quot;:800,&quot;enableTwitter&quot;:false,&quot;enableWhatsapp&quot;:false,&quot;enableFacebook&quot;:false,&quot;enablePinterest&quot;:false,&quot;enableLinkedin&quot;:false,&quot;enableEmail&quot;:false,&quot;randomFactor&quot;:0.5,&quot;type&quot;:&quot;grid&quot;,&quot;columns&quot;:12,&quot;gutter&quot;:10,&quot;mobileGutter&quot;:10,&quot;tabletGutter&quot;:10,&quot;desktopGutter&quot;:10,&quot;enableResponsive&quot;:true,&quot;tabletColumns&quot;:2,&quot;mobileColumns&quot;:1,&quot;lazyLoad&quot;:0,&quot;lightboxOpts&quot;:{&quot;animated&quot;:true,&quot;Thumbs&quot;:{&quot;type&quot;:&quot;modern&quot;,&quot;showOnStart&quot;:false},&quot;Toolbar&quot;:{&quot;display&quot;:{&quot;right&quot;:[&quot;close&quot;]},&quot;enabled&quot;:true},&quot;Carousel&quot;:{&quot;Panzoom&quot;:{&quot;touch&quot;:true},&quot;infinite&quot;:false},&quot;keyboard&quot;:{&quot;Escape&quot;:&quot;close&quot;,&quot;Delete&quot;:&quot;close&quot;,&quot;Backspace&quot;:&quot;close&quot;,&quot;PageUp&quot;:&quot;next&quot;,&quot;PageDown&quot;:&quot;prev&quot;,&quot;ArrowUp&quot;:&quot;prev&quot;,&quot;ArrowDown&quot;:&quot;next&quot;,&quot;ArrowRight&quot;:&quot;next&quot;,&quot;ArrowLeft&quot;:&quot;prev&quot;},&quot;wheel&quot;:&quot;slide&quot;,&quot;touch&quot;:true,&quot;backdropClick&quot;:&quot;close&quot;,&quot;l10n&quot;:{&quot;CLOSE&quot;:&quot;Close&quot;,&quot;NEXT&quot;:&quot;Next&quot;,&quot;PREV&quot;:&quot;Previous&quot;,&quot;Error&quot;:&quot;The requested content cannot be loaded. Please try again later.&quot;,&quot;PLAY_START&quot;:&quot;Start slideshow&quot;,&quot;PLAY_STOP&quot;:&quot;Pause slideshow&quot;,&quot;FULL_SCREEN&quot;:&quot;Full screen&quot;,&quot;THUMBS&quot;:&quot;Thumbnails&quot;,&quot;DOWNLOAD&quot;:&quot;Download&quot;,&quot;SHARE&quot;:&quot;Share&quot;,&quot;ZOOM&quot;:&quot;Zoom&quot;,&quot;EMAIL&quot;:&quot;Here is the link to the image : %%image_link%% and this is the link to the gallery : %%gallery_link%%&quot;,&quot;MODAL&quot;:&quot;You can close this modal content with the ESC key&quot;,&quot;ERROR&quot;:&quot;Something Went Wrong, Please Try Again Later&quot;,&quot;IMAGE_ERROR&quot;:&quot;Image Not Found&quot;,&quot;ELEMENT_NOT_FOUND&quot;:&quot;HTML Element Not Found&quot;,&quot;AJAX_NOT_FOUND&quot;:&quot;Error Loading AJAX : Not Found&quot;,&quot;AJAX_FORBIDDEN&quot;:&quot;Error Loading AJAX : Forbidden&quot;,&quot;IFRAME_ERROR&quot;:&quot;Error Loading Page&quot;,&quot;TOGGLE_ZOOM&quot;:&quot;Toggle zoom level&quot;,&quot;TOGGLE_THUMBS&quot;:&quot;Toggle thumbnails&quot;,&quot;TOGGLE_SLIDESHOW&quot;:&quot;Toggle slideshow&quot;,&quot;TOGGLE_FULLSCREEN&quot;:&quot;Toggle full-screen mode&quot;},&quot;Images&quot;:{&quot;Panzoom&quot;:{&quot;maxScale&quot;:2}},&quot;mainClass&quot;:&quot;modula-fancybox-container modula-lightbox-jtg-176&quot;,&quot;Html&quot;:{&quot;videoAutoplay&quot;:0,&quot;videoTpl&quot;:&quot;&lt;video class=\\&quot;fancybox__html5video\\&quot; controls muted playsinline controlsList controlsList=\\&quot;nodownload\\&quot; poster=\\&quot;{{poster}}\\&quot; src=\\&quot;{{src}}\\&quot; type=\\&quot;{{format}}\\&quot; &gt;  Sorry, your browser doesn&#039;t support embedded videos, &lt;a href=\\&quot;{{src}}\\&quot;&gt; download &lt;\\\/a&gt; and watch with your favorite video player! &lt;\\\/video&gt;&quot;}},&quot;inView&quot;:false,&quot;email_subject&quot;:&quot;Check out this awesome image !!&quot;,&quot;email_message&quot;:&quot;Here is the link to the image : %%image_link%% and this is the link to the gallery : %%gallery_link%%&quot;,&quot;grid_type&quot;:&quot;automatic&quot;,&quot;rowHeight&quot;:250,&quot;lastRow&quot;:&quot;justify&quot;,&quot;lightbox&quot;:&quot;fancybox&quot;,&quot;lightbox_devices&quot;:&quot;both&quot;}\">\n\n\t\n\t<div  class=\"modula-items grid-gallery\">\n\t\t<div class=\"modula-item effect-pufrobo\" >\n\t<div class=\"modula-item-overlay\"><\/div>\n\n\t<div class=\"modula-item-content\">\n\n\t\t<a data-image-id=\"175\" role=\"button\" tabindex=\"0\" rel=\"jtg-176\" data-caption=\"O Tirano Dourado &lt;br&gt;&lt;small&gt;&lt;i&gt;O Supremo Ilusionista&lt;\/i&gt;&lt;\/small&gt;\" aria-label=\"Open image in lightbox\" class=\"tile-inner modula-item-link\"><\/a><img loading=\"lazy\" decoding=\"async\" class=\"pic wp-image-175\"  data-valign=\"middle\" data-halign=\"center\" alt=\"Fotografia astron\u00f3mica de disco completo do Sol, exibindo uma esfera alaranjada de textura homog\u00e9nea sobre um fundo preto absoluto, com uma pequena mancha solar escura vis\u00edvel junto \u00e0 borda inferior direita.\" data-full=\"https:\/\/fragmentos.zabeleta.pt\/wp-content\/uploads\/2026\/02\/Sun_20260220.jpg\" title=\"Sun_20260220\" crop=\"\" width=\"300\" height=\"169\" src=\"https:\/\/fragmentos.zabeleta.pt\/wp-content\/uploads\/2026\/02\/Sun_20260220-300x169.jpg\" data-src=\"https:\/\/fragmentos.zabeleta.pt\/wp-content\/uploads\/2026\/02\/Sun_20260220-300x169.jpg\" data-caption=\"O Tirano Dourado &lt;br&gt;&lt;small&gt;&lt;i&gt;O Supremo Ilusionista&lt;\/i&gt;&lt;\/small&gt;\" srcset=\"https:\/\/fragmentos.zabeleta.pt\/wp-content\/uploads\/2026\/02\/Sun_20260220-scaled.jpg 2133w, https:\/\/fragmentos.zabeleta.pt\/wp-content\/uploads\/2026\/02\/Sun_20260220-scaled-300x169.jpg 300w, https:\/\/fragmentos.zabeleta.pt\/wp-content\/uploads\/2026\/02\/Sun_20260220-1024x576.jpg 1024w, https:\/\/fragmentos.zabeleta.pt\/wp-content\/uploads\/2026\/02\/Sun_20260220-768x432.jpg 768w, https:\/\/fragmentos.zabeleta.pt\/wp-content\/uploads\/2026\/02\/Sun_20260220-1536x864.jpg 1536w, https:\/\/fragmentos.zabeleta.pt\/wp-content\/uploads\/2026\/02\/Sun_20260220-2048x1152.jpg 2048w\" sizes=\"auto, (max-width: 300px) 100vw, 300px\" \/>\n\t\t<div class=\"figc\">\n\t\t\t<div class=\"figc-inner\">\n\t\t\t\t\t\t\t\t\t\t\t\t\t<div class=\"jtg-description\">O Tirano Dourado <br><small><i>O Supremo Ilusionista<\/i><\/small><\/div>\n\t\t\t\t\t\t\t\t\t\t\t<\/div>\n\t\t<\/div>\n\n\t<\/div>\n\n<\/div>\t\t\n\t<\/div>\n\n\t\n\t\n\t<script type=\"application\/ld+json\">\n\t{\n\t\t\"@context\": \"https:\/\/schema.org\",\n\t\t\"@type\"   : \"ImageGallery\",\n\t\t\"id\"      : \"https:\/\/fragmentos.zabeleta.pt\/?p=174\/#modula-gallery-176\",\n\t\t\"url\"     : \"https:\/\/fragmentos.zabeleta.pt\/?p=174\/\"\n\t}\n\n\t<\/script>\n\n\t\n<\/div>\n","protected":false},"excerpt":{"rendered":"<p>A luz do Sol \u00e9 t\u00e3o densa, a sua presen\u00e7a t\u00e3o absoluta, que quando ele abre o olho, o Infinito desaparece. O Dia n\u00e3o \u00e9 mais do que uma cegueira luminosa que varre o Abismo profundo da nossa vis\u00e3o. Este Fragmento, capturado atrav\u00e9s de filtros densos, ensina-nos a li\u00e7\u00e3o mais paradoxal d\u2019O Codex: existem luzes que nos guiam na escurid\u00e3o, e existem luzes que foram desenhadas para nos manter cegos.<\/p>\n","protected":false},"author":1,"featured_media":175,"comment_status":"open","ping_status":"closed","sticky":false,"template":"","format":"standard","meta":{"footnotes":""},"categories":[7],"tags":[],"class_list":["post-174","post","type-post","status-publish","format-standard","has-post-thumbnail","hentry","category-errantes"],"jetpack_featured_media_url":"https:\/\/fragmentos.zabeleta.pt\/wp-content\/uploads\/2026\/02\/Sun_20260220-scaled.jpg","_links":{"self":[{"href":"https:\/\/fragmentos.zabeleta.pt\/index.php?rest_route=\/wp\/v2\/posts\/174","targetHints":{"allow":["GET"]}}],"collection":[{"href":"https:\/\/fragmentos.zabeleta.pt\/index.php?rest_route=\/wp\/v2\/posts"}],"about":[{"href":"https:\/\/fragmentos.zabeleta.pt\/index.php?rest_route=\/wp\/v2\/types\/post"}],"author":[{"embeddable":true,"href":"https:\/\/fragmentos.zabeleta.pt\/index.php?rest_route=\/wp\/v2\/users\/1"}],"replies":[{"embeddable":true,"href":"https:\/\/fragmentos.zabeleta.pt\/index.php?rest_route=%2Fwp%2Fv2%2Fcomments&post=174"}],"version-history":[{"count":6,"href":"https:\/\/fragmentos.zabeleta.pt\/index.php?rest_route=\/wp\/v2\/posts\/174\/revisions"}],"predecessor-version":[{"id":266,"href":"https:\/\/fragmentos.zabeleta.pt\/index.php?rest_route=\/wp\/v2\/posts\/174\/revisions\/266"}],"wp:featuredmedia":[{"embeddable":true,"href":"https:\/\/fragmentos.zabeleta.pt\/index.php?rest_route=\/wp\/v2\/media\/175"}],"wp:attachment":[{"href":"https:\/\/fragmentos.zabeleta.pt\/index.php?rest_route=%2Fwp%2Fv2%2Fmedia&parent=174"}],"wp:term":[{"taxonomy":"category","embeddable":true,"href":"https:\/\/fragmentos.zabeleta.pt\/index.php?rest_route=%2Fwp%2Fv2%2Fcategories&post=174"},{"taxonomy":"post_tag","embeddable":true,"href":"https:\/\/fragmentos.zabeleta.pt\/index.php?rest_route=%2Fwp%2Fv2%2Ftags&post=174"}],"curies":[{"name":"wp","href":"https:\/\/api.w.org\/{rel}","templated":true}]}}