{"id":215,"date":"2026-02-20T22:01:00","date_gmt":"2026-02-20T22:01:00","guid":{"rendered":"https:\/\/fragmentos.zabeleta.pt\/?p=215"},"modified":"2026-07-06T13:35:50","modified_gmt":"2026-07-06T13:35:50","slug":"a-forja-de-osiris-2","status":"publish","type":"post","link":"https:\/\/fragmentos.zabeleta.pt\/?p=215","title":{"rendered":"A Forja de Os\u00edris II"},"content":{"rendered":"\n<p class=\"wp-block-paragraph\">H\u00e1 um perigo inerente em aproximar demasiado a vis\u00e3o: ficamos cegos para o contexto.<\/p>\n\n\n\n<p class=\"wp-block-paragraph\">No nosso primeiro mergulho na Forja, fomos hipnotizados pelo cora\u00e7\u00e3o da fornalha. O foco estava na Vontade pura, na f\u00faria ultravioleta do Trap\u00e9zio, na l\u00e2mina da espada que rasga as trevas. Mas o Fogo, por si s\u00f3, n\u00e3o cria; ele apenas queima e transmuta. Para que a Grande Obra ganhe forma, a energia tem de arrefecer e encontrar o espa\u00e7o que a acolhe.<\/p>\n\n\n\n<p class=\"wp-block-paragraph\">O que este segundo Fragmento nos revela (capturado ao recuar um passo no santu\u00e1rio, abrindo o campo de vis\u00e3o) n\u00e3o \u00e9 a explos\u00e3o, mas o eco.<\/p>\n\n\n\n<p class=\"wp-block-paragraph\">Ao afastarmos o olhar do centro opressor, a viol\u00eancia cede lugar \u00e0 majestade da periferia. Olhem para as vastas extens\u00f5es de poeira escura, cinzenta e acastanhada, que abra\u00e7am o halo rosado. Aquilo n\u00e3o \u00e9 o vazio. \u00c9 o f\u00f4lego exalado da Cria\u00e7\u00e3o. Na Alquimia, depois do choque implac\u00e1vel do Enxofre (o fogo activo), a mat\u00e9ria tem de se expandir e repousar na passividade do Ar e da \u00c1gua.<\/p>\n\n\n\n<p class=\"wp-block-paragraph\">Esta \u00e9 a respira\u00e7\u00e3o do Abismo. O <em>Pneuma<\/em> c\u00f3smico.<\/p>\n\n\n\n<p class=\"has-text-align-center wp-block-paragraph\" style=\"line-height:4\">*&nbsp;&nbsp;&nbsp;*&nbsp;&nbsp;&nbsp;*<\/p>\n\n\n\n<p class=\"wp-block-paragraph\">Se o n\u00facleo incandescente de M42 \u00e9 o princ\u00edpio masculino, a for\u00e7a de Os\u00edris em combust\u00e3o e desmembramento, estas nuvens perif\u00e9ricas e di\u00e1fanas que agora se tornam vis\u00edveis s\u00e3o o V\u00e9u de \u00cdsis. \u00c9 a matriz escura e receptiva. Ela recolhe a luz e a mat\u00e9ria atiradas da fornalha para lhes dar uma ordem mais vasta e silenciosa.<\/p>\n\n\n\n<p class=\"wp-block-paragraph\">Reparem como at\u00e9 a pequena M43, a nebulosa &#8220;Gota&#8221; que se separa acima da estrutura principal, surge aqui n\u00e3o como um mero ap\u00eandice, mas como uma semente aut\u00f3noma, embalada na poeira negra, protegida do tirano luminoso que domina o centro.<\/p>\n\n\n\n<p class=\"wp-block-paragraph\">Foram precisas duzentas e vinte e quatro capta\u00e7\u00f5es do olhar, cada uma um f\u00f4lego contido de dez segundos, para destilar e fixar este v\u00e9u no ecr\u00e3. Um processo lento de acumula\u00e7\u00e3o onde a escurid\u00e3o revelou ter tanta textura como a pr\u00f3pria luz.<\/p>\n\n\n\n<p class=\"wp-block-paragraph\">Este Fragmento completa o ensinamento da Espada. Mostra-nos que decifrar o Cosmos exige um duplo movimento: primeiro, a coragem de olhar directamente para o Fogo que consome; depois, a sabedoria de dar um passo atr\u00e1s para contemplar as sombras que ele projecta no Vazio. O Mist\u00e9rio s\u00f3 se resolve quando o n\u00facleo e o v\u00e9u s\u00e3o compreendidos como uma s\u00f3 respira\u00e7\u00e3o.<\/p>\n\n\n\n<div style=\"height:30px\" aria-hidden=\"true\" class=\"wp-block-spacer\"><\/div>\n\n\n\n<p class=\"has-contrast-2-color has-text-color has-link-color has-small-font-size wp-elements-1 wp-block-paragraph\"><em>Registo efectuado a 20 de Fevereiro de 2026, a partir do Umbral de Brogueira.<\/em><\/p>\n\n\n<div  id=\"jtg-144\" class=\"modula modula-gallery modula-columns\" data-config=\"{&quot;tabletHeight&quot;:800,&quot;mobileHeight&quot;:800,&quot;desktopHeight&quot;:800,&quot;enableTwitter&quot;:false,&quot;enableWhatsapp&quot;:false,&quot;enableFacebook&quot;:false,&quot;enablePinterest&quot;:false,&quot;enableLinkedin&quot;:false,&quot;enableEmail&quot;:false,&quot;randomFactor&quot;:0.5,&quot;type&quot;:&quot;grid&quot;,&quot;columns&quot;:12,&quot;gutter&quot;:10,&quot;mobileGutter&quot;:10,&quot;tabletGutter&quot;:10,&quot;desktopGutter&quot;:10,&quot;enableResponsive&quot;:true,&quot;tabletColumns&quot;:2,&quot;mobileColumns&quot;:1,&quot;lazyLoad&quot;:0,&quot;lightboxOpts&quot;:{&quot;animated&quot;:true,&quot;Thumbs&quot;:{&quot;type&quot;:&quot;modern&quot;,&quot;showOnStart&quot;:false},&quot;Toolbar&quot;:{&quot;display&quot;:{&quot;right&quot;:[&quot;close&quot;]},&quot;enabled&quot;:true},&quot;Carousel&quot;:{&quot;Panzoom&quot;:{&quot;touch&quot;:true},&quot;infinite&quot;:false},&quot;keyboard&quot;:{&quot;Escape&quot;:&quot;close&quot;,&quot;Delete&quot;:&quot;close&quot;,&quot;Backspace&quot;:&quot;close&quot;,&quot;PageUp&quot;:&quot;next&quot;,&quot;PageDown&quot;:&quot;prev&quot;,&quot;ArrowUp&quot;:&quot;prev&quot;,&quot;ArrowDown&quot;:&quot;next&quot;,&quot;ArrowRight&quot;:&quot;next&quot;,&quot;ArrowLeft&quot;:&quot;prev&quot;},&quot;wheel&quot;:&quot;slide&quot;,&quot;touch&quot;:true,&quot;backdropClick&quot;:&quot;close&quot;,&quot;l10n&quot;:{&quot;CLOSE&quot;:&quot;Close&quot;,&quot;NEXT&quot;:&quot;Next&quot;,&quot;PREV&quot;:&quot;Previous&quot;,&quot;Error&quot;:&quot;The requested content cannot be loaded. Please try again later.&quot;,&quot;PLAY_START&quot;:&quot;Start slideshow&quot;,&quot;PLAY_STOP&quot;:&quot;Pause slideshow&quot;,&quot;FULL_SCREEN&quot;:&quot;Full screen&quot;,&quot;THUMBS&quot;:&quot;Thumbnails&quot;,&quot;DOWNLOAD&quot;:&quot;Download&quot;,&quot;SHARE&quot;:&quot;Share&quot;,&quot;ZOOM&quot;:&quot;Zoom&quot;,&quot;EMAIL&quot;:&quot;Here is the link to the image : %%image_link%% and this is the link to the gallery : %%gallery_link%%&quot;,&quot;MODAL&quot;:&quot;You can close this modal content with the ESC key&quot;,&quot;ERROR&quot;:&quot;Something Went Wrong, Please Try Again Later&quot;,&quot;IMAGE_ERROR&quot;:&quot;Image Not Found&quot;,&quot;ELEMENT_NOT_FOUND&quot;:&quot;HTML Element Not Found&quot;,&quot;AJAX_NOT_FOUND&quot;:&quot;Error Loading AJAX : Not Found&quot;,&quot;AJAX_FORBIDDEN&quot;:&quot;Error Loading AJAX : Forbidden&quot;,&quot;IFRAME_ERROR&quot;:&quot;Error Loading Page&quot;,&quot;TOGGLE_ZOOM&quot;:&quot;Toggle zoom level&quot;,&quot;TOGGLE_THUMBS&quot;:&quot;Toggle thumbnails&quot;,&quot;TOGGLE_SLIDESHOW&quot;:&quot;Toggle slideshow&quot;,&quot;TOGGLE_FULLSCREEN&quot;:&quot;Toggle full-screen mode&quot;},&quot;Images&quot;:{&quot;Panzoom&quot;:{&quot;maxScale&quot;:2}},&quot;mainClass&quot;:&quot;modula-fancybox-container modula-lightbox-jtg-144&quot;,&quot;Html&quot;:{&quot;videoAutoplay&quot;:0,&quot;videoTpl&quot;:&quot;&lt;video class=\\&quot;fancybox__html5video\\&quot; controls muted playsinline controlsList controlsList=\\&quot;nodownload\\&quot; poster=\\&quot;{{poster}}\\&quot; src=\\&quot;{{src}}\\&quot; type=\\&quot;{{format}}\\&quot; &gt;  Sorry, your browser doesn&#039;t support embedded videos, &lt;a href=\\&quot;{{src}}\\&quot;&gt; download &lt;\\\/a&gt; and watch with your favorite video player! &lt;\\\/video&gt;&quot;}},&quot;inView&quot;:false,&quot;email_subject&quot;:&quot;Check out this awesome image !!&quot;,&quot;email_message&quot;:&quot;Here is the link to the image : %%image_link%% and this is the link to the gallery : %%gallery_link%%&quot;,&quot;grid_type&quot;:&quot;automatic&quot;,&quot;rowHeight&quot;:250,&quot;lastRow&quot;:&quot;justify&quot;,&quot;lightbox&quot;:&quot;fancybox&quot;,&quot;lightbox_devices&quot;:&quot;both&quot;}\">\n\n\t\n\t<div  class=\"modula-items grid-gallery\">\n\t\t<div class=\"modula-item effect-pufrobo\" >\n\t<div class=\"modula-item-overlay\"><\/div>\n\n\t<div class=\"modula-item-content\">\n\n\t\t<a data-image-id=\"141\" role=\"button\" tabindex=\"0\" rel=\"jtg-144\" data-caption=\"A Forja de Os\u00edris &lt;br&gt;&lt;small&gt;&lt;i&gt;O Cadinho da Cria\u00e7\u00e3o&lt;\/i&gt;&lt;\/small&gt;\" aria-label=\"Open image in lightbox\" class=\"tile-inner modula-item-link\"><\/a><img loading=\"lazy\" decoding=\"async\" class=\"pic wp-image-141\"  data-valign=\"middle\" data-halign=\"center\" alt=\"Fotografia astron\u00f3mica de longa exposi\u00e7\u00e3o da Grande Nebulosa de Orionte (M42) e M43, evidenciando o n\u00facleo central intensamente brilhante, vastas estruturas de g\u00e1s incandescente em tons de rosa e magenta, e intrincadas nuvens de poeira escura e filamentos cinzento-azulados que se expandem pelo espa\u00e7o.\" data-full=\"https:\/\/fragmentos.zabeleta.pt\/wp-content\/uploads\/2025\/12\/M42_20251130.jpg\" title=\"M42_20251130\" crop=\"\" width=\"300\" height=\"169\" src=\"https:\/\/fragmentos.zabeleta.pt\/wp-content\/uploads\/2025\/12\/M42_20251130-300x169.jpg\" data-src=\"https:\/\/fragmentos.zabeleta.pt\/wp-content\/uploads\/2025\/12\/M42_20251130-300x169.jpg\" data-caption=\"A Forja de Os\u00edris &lt;br&gt;&lt;small&gt;&lt;i&gt;O Cadinho da Cria\u00e7\u00e3o&lt;\/i&gt;&lt;\/small&gt;\" srcset=\"https:\/\/fragmentos.zabeleta.pt\/wp-content\/uploads\/2025\/12\/M42_20251130-scaled.jpg 2133w, https:\/\/fragmentos.zabeleta.pt\/wp-content\/uploads\/2025\/12\/M42_20251130-scaled-300x169.jpg 300w, https:\/\/fragmentos.zabeleta.pt\/wp-content\/uploads\/2025\/12\/M42_20251130-1024x576.jpg 1024w, https:\/\/fragmentos.zabeleta.pt\/wp-content\/uploads\/2025\/12\/M42_20251130-768x432.jpg 768w, https:\/\/fragmentos.zabeleta.pt\/wp-content\/uploads\/2025\/12\/M42_20251130-1536x864.jpg 1536w, https:\/\/fragmentos.zabeleta.pt\/wp-content\/uploads\/2025\/12\/M42_20251130-2048x1152.jpg 2048w\" sizes=\"auto, (max-width: 300px) 100vw, 300px\" \/>\n\t\t<div class=\"figc\">\n\t\t\t<div class=\"figc-inner\">\n\t\t\t\t\t\t\t\t\t\t\t\t\t<div class=\"jtg-description\">A Forja de Os\u00edris <br><small><i>O Cadinho da Cria\u00e7\u00e3o<\/i><\/small><\/div>\n\t\t\t\t\t\t\t\t\t\t\t<\/div>\n\t\t<\/div>\n\n\t<\/div>\n\n<\/div><div class=\"modula-item effect-pufrobo\" >\n\t<div class=\"modula-item-overlay\"><\/div>\n\n\t<div class=\"modula-item-content\">\n\n\t\t<a data-image-id=\"212\" role=\"button\" tabindex=\"0\" rel=\"jtg-144\" data-caption=\"A Forja de Os\u00edris &lt;br \/&gt;&lt;small&gt;&lt;em&gt;O V\u00e9u Expandido&lt;\/em&gt;&lt;\/small&gt;\" aria-label=\"Open image in lightbox\" class=\"tile-inner modula-item-link\"><\/a><img loading=\"lazy\" decoding=\"async\" class=\"pic wp-image-212\"  data-valign=\"middle\" data-halign=\"center\" alt=\"Fotografia astron\u00f3mica de campo amplo da Grande Nebulosa de Orionte (M42), exibindo a estrutura nebulosa rosada e circular concentrada no centro do plano, com o n\u00facleo brilhante bem definido e a nebulosa vizinha M43, rodeadas por um vasto campo pontilhado de estrelas de fundo sobre o \u00e9ter negro.\" data-full=\"https:\/\/fragmentos.zabeleta.pt\/wp-content\/uploads\/2026\/07\/M42_20260220.jpg\" title=\"M42_20260220\" crop=\"\" width=\"300\" height=\"169\" src=\"https:\/\/fragmentos.zabeleta.pt\/wp-content\/uploads\/2026\/07\/M42_20260220-300x169.jpg\" data-src=\"https:\/\/fragmentos.zabeleta.pt\/wp-content\/uploads\/2026\/07\/M42_20260220-300x169.jpg\" data-caption=\"A Forja de Os\u00edris &lt;br \/&gt;&lt;small&gt;&lt;em&gt;O V\u00e9u Expandido&lt;\/em&gt;&lt;\/small&gt;\" srcset=\"https:\/\/fragmentos.zabeleta.pt\/wp-content\/uploads\/2026\/07\/M42_20260220-scaled.jpg 2133w, https:\/\/fragmentos.zabeleta.pt\/wp-content\/uploads\/2026\/07\/M42_20260220-scaled-300x169.jpg 300w, https:\/\/fragmentos.zabeleta.pt\/wp-content\/uploads\/2026\/07\/M42_20260220-1024x576.jpg 1024w, https:\/\/fragmentos.zabeleta.pt\/wp-content\/uploads\/2026\/07\/M42_20260220-768x432.jpg 768w, https:\/\/fragmentos.zabeleta.pt\/wp-content\/uploads\/2026\/07\/M42_20260220-1536x864.jpg 1536w, https:\/\/fragmentos.zabeleta.pt\/wp-content\/uploads\/2026\/07\/M42_20260220-2048x1152.jpg 2048w\" sizes=\"auto, (max-width: 300px) 100vw, 300px\" \/>\n\t\t<div class=\"figc\">\n\t\t\t<div class=\"figc-inner\">\n\t\t\t\t\t\t\t\t\t\t\t\t\t<div class=\"jtg-description\">A Forja de Os\u00edris <br \/><small><em>O V\u00e9u Expandido<\/em><\/small><\/div>\n\t\t\t\t\t\t\t\t\t\t\t<\/div>\n\t\t<\/div>\n\n\t<\/div>\n\n<\/div>\t\t\n\t<\/div>\n\n\t\n\t\n\t<script type=\"application\/ld+json\">\n\t{\n\t\t\"@context\": \"https:\/\/schema.org\",\n\t\t\"@type\"   : \"ImageGallery\",\n\t\t\"id\"      : \"https:\/\/fragmentos.zabeleta.pt\/?p=215\/#modula-gallery-144\",\n\t\t\"url\"     : \"https:\/\/fragmentos.zabeleta.pt\/?p=215\/\"\n\t}\n\n\t<\/script>\n\n\t\n<\/div>\n","protected":false},"excerpt":{"rendered":"<p>H\u00e1 um perigo inerente em aproximar demasiado a vis\u00e3o: ficamos cegos para o contexto. No nosso primeiro mergulho na Forja, fomos hipnotizados pela viol\u00eancia do Fogo central. Contudo, ao recuarmos um passo e abrirmos o campo, este novo Fragmento revela-nos n\u00e3o a explos\u00e3o, mas o eco. \u00c9 a transi\u00e7\u00e3o do Enxofre activo para a passividade do V\u00e9u de \u00cdsis. Mostra-nos que decifrar o Cosmos exige a coragem de olhar para o Fogo que consome, mas tamb\u00e9m a sabedoria de contemplar as sombras imensas que ele projecta no Vazio.<\/p>\n","protected":false},"author":1,"featured_media":212,"comment_status":"open","ping_status":"closed","sticky":false,"template":"","format":"standard","meta":{"footnotes":""},"categories":[9],"tags":[],"class_list":["post-215","post","type-post","status-publish","format-standard","has-post-thumbnail","hentry","category-materia"],"jetpack_featured_media_url":"https:\/\/fragmentos.zabeleta.pt\/wp-content\/uploads\/2026\/07\/M42_20260220-scaled.jpg","_links":{"self":[{"href":"https:\/\/fragmentos.zabeleta.pt\/index.php?rest_route=\/wp\/v2\/posts\/215","targetHints":{"allow":["GET"]}}],"collection":[{"href":"https:\/\/fragmentos.zabeleta.pt\/index.php?rest_route=\/wp\/v2\/posts"}],"about":[{"href":"https:\/\/fragmentos.zabeleta.pt\/index.php?rest_route=\/wp\/v2\/types\/post"}],"author":[{"embeddable":true,"href":"https:\/\/fragmentos.zabeleta.pt\/index.php?rest_route=\/wp\/v2\/users\/1"}],"replies":[{"embeddable":true,"href":"https:\/\/fragmentos.zabeleta.pt\/index.php?rest_route=%2Fwp%2Fv2%2Fcomments&post=215"}],"version-history":[{"count":7,"href":"https:\/\/fragmentos.zabeleta.pt\/index.php?rest_route=\/wp\/v2\/posts\/215\/revisions"}],"predecessor-version":[{"id":275,"href":"https:\/\/fragmentos.zabeleta.pt\/index.php?rest_route=\/wp\/v2\/posts\/215\/revisions\/275"}],"wp:featuredmedia":[{"embeddable":true,"href":"https:\/\/fragmentos.zabeleta.pt\/index.php?rest_route=\/wp\/v2\/media\/212"}],"wp:attachment":[{"href":"https:\/\/fragmentos.zabeleta.pt\/index.php?rest_route=%2Fwp%2Fv2%2Fmedia&parent=215"}],"wp:term":[{"taxonomy":"category","embeddable":true,"href":"https:\/\/fragmentos.zabeleta.pt\/index.php?rest_route=%2Fwp%2Fv2%2Fcategories&post=215"},{"taxonomy":"post_tag","embeddable":true,"href":"https:\/\/fragmentos.zabeleta.pt\/index.php?rest_route=%2Fwp%2Fv2%2Ftags&post=215"}],"curies":[{"name":"wp","href":"https:\/\/api.w.org\/{rel}","templated":true}]}}