{"id":274,"date":"2026-02-21T22:00:00","date_gmt":"2026-02-21T22:00:00","guid":{"rendered":"https:\/\/fragmentos.zabeleta.pt\/?p=274"},"modified":"2026-07-06T14:23:37","modified_gmt":"2026-07-06T14:23:37","slug":"ic410","status":"publish","type":"post","link":"https:\/\/fragmentos.zabeleta.pt\/?p=274","title":{"rendered":"Os Embri\u00f5es do Caos"},"content":{"rendered":"\n<p class=\"wp-block-paragraph\">O c\u00e9u nocturno \u00e9, para o olhar desatento, um imenso p\u00e9lago de quietude. Uma ab\u00f3bada est\u00e1tica. Mas a objectiva revela a mentira dessa paz. Onde os nossos sentidos procuram o descanso da escurid\u00e3o, o universo oculta os seus ritos mais violentos e primitivos de fecunda\u00e7\u00e3o.<\/p>\n\n\n\n<p class=\"wp-block-paragraph\">Na constela\u00e7\u00e3o do Cocheiro, Auriga, a figura mitol\u00f3gica que domina os ventos e segura as r\u00e9deas do destino, esconde-se o abismo escarlate que a astronomia catalogou de forma fria como IC 410. Mas a aridez dos cat\u00e1logos nunca far\u00e1 justi\u00e7a \u00e0 convuls\u00e3o que ali habita.<\/p>\n\n\n\n<p class=\"wp-block-paragraph\">Isto n\u00e3o \u00e9 apenas uma nuvem fotog\u00e9nica. \u00c9 o mar primordial, o caos l\u00edquido a ferver sob o olhar impiedoso das suas pr\u00f3prias crias.<\/p>\n\n\n\n<p class=\"wp-block-paragraph\">No centro deste v\u00f3rtice reside NGC 1893. Um enxame de deuses infantes, nascidos da pr\u00f3pria nebulosa, que agora se viram contra a m\u00e3e escuro-avermelhada que os gerou. A sua radia\u00e7\u00e3o \u00e9 t\u00e3o massiva, o seu vento estelar t\u00e3o feroz, que varre e desfaz o ber\u00e7o original, soprando a poeira e o g\u00e1s para a periferia do abismo. \u00c9 a luta eterna da Luz para se libertar da densidade da Mat\u00e9ria, um princ\u00edpio de combust\u00e3o absoluta.<\/p>\n\n\n\n<p class=\"wp-block-paragraph\">Contudo, a Mat\u00e9ria resiste.<\/p>\n\n\n\n<p class=\"wp-block-paragraph\">Observem as estruturas densas e alongadas que nadam contra a corrente deste oceano rubro. Com dez anos-luz de comprimento, estes &#8220;girinos&#8221; c\u00f3smicos recusam-se a ser dissipados pela tempestade luminosa. Eles s\u00e3o a resili\u00eancia pura do Caos, co\u00e1gulos tit\u00e2nicos onde a Prima Mat\u00e9ria se defende. Eles s\u00e3o, literalmente, embri\u00f5es estelares. Sementes encoura\u00e7adas onde novas estrelas est\u00e3o, neste preciso momento, a ser incubadas nas trevas interiores. A sua &#8220;cabe\u00e7a&#8221; aponta sempre para o centro, enfrentando as estrelas que os fustigam, enquanto as suas &#8220;caudas&#8221; se desfazem na corrente c\u00f3smica.<\/p>\n\n\n\n<p class=\"has-text-align-center wp-block-paragraph\" style=\"line-height:4\">*&nbsp;&nbsp;&nbsp;*&nbsp;&nbsp;&nbsp;*<\/p>\n\n\n\n<p class=\"wp-block-paragraph\">Estamos a olhar para o mist\u00e9rio da gera\u00e7\u00e3o. A cria\u00e7\u00e3o n\u00e3o acontece num v\u00e1cuo ass\u00e9ptico, ela exige atrito. Exige que a f\u00faria da luz pressione a escurid\u00e3o at\u00e9 que esta colapse sobre si mesma, pela gravidade, para gerar ainda mais luz. \u00c9 o princ\u00edpio activo a fecundar violentamente o princ\u00edpio passivo.<\/p>\n\n\n\n<p class=\"wp-block-paragraph\">A Astrologia Esot\u00e9rica diz-nos que o Cocheiro representa a Mente Superior que toma as r\u00e9deas da forma instintiva. Ele \u00e9 o condutor da nossa pr\u00f3pria encarna\u00e7\u00e3o, navegando atrav\u00e9s dos ventos solares e das tempestades das eras. N\u00e3o \u00e9 uma constela\u00e7\u00e3o de in\u00e9rcia, mas de dom\u00ednio sobre as for\u00e7as em movimento.<\/p>\n\n\n\n<p class=\"wp-block-paragraph\">IC 410, aninhada neste sector do firmamento, \u00e9 o espelho alqu\u00edmico perfeito para essa viagem.<\/p>\n\n\n\n<p class=\"wp-block-paragraph\">Os embri\u00f5es de poeira ensinam-nos a Lei da Grande Obra: para que a semente vingue, ela tem de suportar a f\u00faria do meio que a rodeia. A casca da vontade deve ser espessa, a gesta\u00e7\u00e3o deve ser solit\u00e1ria e profundamente silenciosa, para que o n\u00facleo interno possa atingir a temperatura cr\u00edtica e, por fim, acender-se.<\/p>\n\n\n\n<p class=\"wp-block-paragraph\">Quantas vontades dentro de n\u00f3s s\u00e3o apenas g\u00e1s difuso, \u00e0 espera de uma for\u00e7a exterior que as comprima? Quantas vezes a adversidade, o vento hostil que parece corroer-nos e destruir-nos \u00e9, afinal, a press\u00e3o exacta e necess\u00e1ria para esculpir a nossa verdadeira forma, for\u00e7ando o nosso n\u00facleo a despertar?<\/p>\n\n\n\n<p class=\"wp-block-paragraph\">O que este Fragmento nos revela n\u00e3o \u00e9 a passividade do espa\u00e7o. \u00c9 a imagem definitiva da tenacidade. \u00c9 a prova visual de que, mesmo sob o fogo mais implac\u00e1vel do universo, a escurid\u00e3o encontra sempre uma estrat\u00e9gia para gerar a Vida.<\/p>\n\n\n\n<div style=\"height:30px\" aria-hidden=\"true\" class=\"wp-block-spacer\"><\/div>\n\n\n\n<p class=\"has-contrast-2-color has-text-color has-link-color has-small-font-size wp-elements-1 wp-block-paragraph\"><em>Registo efectuado a 20 e 21 de Fevereiro de 2026, a partir do Umbral de Brogueira.<\/em><\/p>\n\n\n<div  id=\"jtg-280\" class=\"modula modula-gallery modula-columns\" data-config=\"{&quot;tabletHeight&quot;:800,&quot;mobileHeight&quot;:800,&quot;desktopHeight&quot;:800,&quot;enableTwitter&quot;:false,&quot;enableWhatsapp&quot;:false,&quot;enableFacebook&quot;:false,&quot;enablePinterest&quot;:false,&quot;enableLinkedin&quot;:false,&quot;enableEmail&quot;:false,&quot;randomFactor&quot;:0.5,&quot;type&quot;:&quot;grid&quot;,&quot;columns&quot;:12,&quot;gutter&quot;:10,&quot;mobileGutter&quot;:10,&quot;tabletGutter&quot;:10,&quot;desktopGutter&quot;:10,&quot;enableResponsive&quot;:true,&quot;tabletColumns&quot;:2,&quot;mobileColumns&quot;:1,&quot;lazyLoad&quot;:0,&quot;lightboxOpts&quot;:{&quot;animated&quot;:true,&quot;Thumbs&quot;:{&quot;type&quot;:&quot;modern&quot;,&quot;showOnStart&quot;:false},&quot;Toolbar&quot;:{&quot;display&quot;:{&quot;right&quot;:[&quot;close&quot;]},&quot;enabled&quot;:true},&quot;Carousel&quot;:{&quot;Panzoom&quot;:{&quot;touch&quot;:true},&quot;infinite&quot;:false},&quot;keyboard&quot;:{&quot;Escape&quot;:&quot;close&quot;,&quot;Delete&quot;:&quot;close&quot;,&quot;Backspace&quot;:&quot;close&quot;,&quot;PageUp&quot;:&quot;next&quot;,&quot;PageDown&quot;:&quot;prev&quot;,&quot;ArrowUp&quot;:&quot;prev&quot;,&quot;ArrowDown&quot;:&quot;next&quot;,&quot;ArrowRight&quot;:&quot;next&quot;,&quot;ArrowLeft&quot;:&quot;prev&quot;},&quot;wheel&quot;:&quot;slide&quot;,&quot;touch&quot;:true,&quot;backdropClick&quot;:&quot;close&quot;,&quot;l10n&quot;:{&quot;CLOSE&quot;:&quot;Close&quot;,&quot;NEXT&quot;:&quot;Next&quot;,&quot;PREV&quot;:&quot;Previous&quot;,&quot;Error&quot;:&quot;The requested content cannot be loaded. Please try again later.&quot;,&quot;PLAY_START&quot;:&quot;Start slideshow&quot;,&quot;PLAY_STOP&quot;:&quot;Pause slideshow&quot;,&quot;FULL_SCREEN&quot;:&quot;Full screen&quot;,&quot;THUMBS&quot;:&quot;Thumbnails&quot;,&quot;DOWNLOAD&quot;:&quot;Download&quot;,&quot;SHARE&quot;:&quot;Share&quot;,&quot;ZOOM&quot;:&quot;Zoom&quot;,&quot;EMAIL&quot;:&quot;Here is the link to the image : %%image_link%% and this is the link to the gallery : %%gallery_link%%&quot;,&quot;MODAL&quot;:&quot;You can close this modal content with the ESC key&quot;,&quot;ERROR&quot;:&quot;Something Went Wrong, Please Try Again Later&quot;,&quot;IMAGE_ERROR&quot;:&quot;Image Not Found&quot;,&quot;ELEMENT_NOT_FOUND&quot;:&quot;HTML Element Not Found&quot;,&quot;AJAX_NOT_FOUND&quot;:&quot;Error Loading AJAX : Not Found&quot;,&quot;AJAX_FORBIDDEN&quot;:&quot;Error Loading AJAX : Forbidden&quot;,&quot;IFRAME_ERROR&quot;:&quot;Error Loading Page&quot;,&quot;TOGGLE_ZOOM&quot;:&quot;Toggle zoom level&quot;,&quot;TOGGLE_THUMBS&quot;:&quot;Toggle thumbnails&quot;,&quot;TOGGLE_SLIDESHOW&quot;:&quot;Toggle slideshow&quot;,&quot;TOGGLE_FULLSCREEN&quot;:&quot;Toggle full-screen mode&quot;},&quot;Images&quot;:{&quot;Panzoom&quot;:{&quot;maxScale&quot;:2}},&quot;mainClass&quot;:&quot;modula-fancybox-container modula-lightbox-jtg-280&quot;,&quot;Html&quot;:{&quot;videoAutoplay&quot;:0,&quot;videoTpl&quot;:&quot;&lt;video class=\\&quot;fancybox__html5video\\&quot; controls muted playsinline controlsList controlsList=\\&quot;nodownload\\&quot; poster=\\&quot;{{poster}}\\&quot; src=\\&quot;{{src}}\\&quot; type=\\&quot;{{format}}\\&quot; &gt;  Sorry, your browser doesn&#039;t support embedded videos, &lt;a href=\\&quot;{{src}}\\&quot;&gt; download &lt;\\\/a&gt; and watch with your favorite video player! &lt;\\\/video&gt;&quot;}},&quot;inView&quot;:false,&quot;email_subject&quot;:&quot;Check out this awesome image !!&quot;,&quot;email_message&quot;:&quot;Here is the link to the image : %%image_link%% and this is the link to the gallery : %%gallery_link%%&quot;,&quot;grid_type&quot;:&quot;automatic&quot;,&quot;rowHeight&quot;:250,&quot;lastRow&quot;:&quot;justify&quot;,&quot;lightbox&quot;:&quot;fancybox&quot;,&quot;lightbox_devices&quot;:&quot;both&quot;}\">\n\n\t\n\t<div  class=\"modula-items grid-gallery\">\n\t\t<div class=\"modula-item effect-pufrobo\" >\n\t<div class=\"modula-item-overlay\"><\/div>\n\n\t<div class=\"modula-item-content\">\n\n\t\t<a data-image-id=\"276\" role=\"button\" tabindex=\"0\" rel=\"jtg-280\" data-caption=\"Os Embri\u00f5es do Caos &lt;br&gt;&lt;small&gt;&lt;i&gt;O Ber\u00e7o de Fogo&lt;\/i&gt;&lt;\/small&gt;\" aria-label=\"Open image in lightbox\" class=\"tile-inner modula-item-link\"><\/a><img loading=\"lazy\" decoding=\"async\" class=\"pic wp-image-276\"  data-valign=\"middle\" data-halign=\"center\" alt=\"Fotografia astron\u00f3mica de campo amplo da Nebulosa dos Girinos (IC 410), exibindo uma densa nuvem gasosa de tom rubro e circular concentrada no quadrante inferior esquerdo, revelando estruturas escuras e filamentosas no seu interior, rodeada por um vasto e denso campo pontilhado de estrelas de fundo sobre o \u00e9ter negro.\" data-full=\"https:\/\/fragmentos.zabeleta.pt\/wp-content\/uploads\/2026\/07\/IC410_20260221.jpg\" title=\"IC410_20260221\" crop=\"\" width=\"300\" height=\"169\" src=\"https:\/\/fragmentos.zabeleta.pt\/wp-content\/uploads\/2026\/07\/IC410_20260221-300x169.jpg\" data-src=\"https:\/\/fragmentos.zabeleta.pt\/wp-content\/uploads\/2026\/07\/IC410_20260221-300x169.jpg\" data-caption=\"Os Embri\u00f5es do Caos &lt;br&gt;&lt;small&gt;&lt;i&gt;O Ber\u00e7o de Fogo&lt;\/i&gt;&lt;\/small&gt;\" srcset=\"https:\/\/fragmentos.zabeleta.pt\/wp-content\/uploads\/2026\/07\/IC410_20260221-scaled.jpg 2133w, https:\/\/fragmentos.zabeleta.pt\/wp-content\/uploads\/2026\/07\/IC410_20260221-scaled-300x169.jpg 300w, https:\/\/fragmentos.zabeleta.pt\/wp-content\/uploads\/2026\/07\/IC410_20260221-1024x576.jpg 1024w, https:\/\/fragmentos.zabeleta.pt\/wp-content\/uploads\/2026\/07\/IC410_20260221-768x432.jpg 768w, https:\/\/fragmentos.zabeleta.pt\/wp-content\/uploads\/2026\/07\/IC410_20260221-1536x864.jpg 1536w, https:\/\/fragmentos.zabeleta.pt\/wp-content\/uploads\/2026\/07\/IC410_20260221-2048x1152.jpg 2048w\" sizes=\"auto, (max-width: 300px) 100vw, 300px\" \/>\n\t\t<div class=\"figc\">\n\t\t\t<div class=\"figc-inner\">\n\t\t\t\t\t\t\t\t\t\t\t\t\t<div class=\"jtg-description\">Os Embri\u00f5es do Caos <br><small><i>O Ber\u00e7o de Fogo<\/i><\/small><\/div>\n\t\t\t\t\t\t\t\t\t\t\t<\/div>\n\t\t<\/div>\n\n\t<\/div>\n\n<\/div>\t\t\n\t<\/div>\n\n\t\n\t\n\t<script type=\"application\/ld+json\">\n\t{\n\t\t\"@context\": \"https:\/\/schema.org\",\n\t\t\"@type\"   : \"ImageGallery\",\n\t\t\"id\"      : \"https:\/\/fragmentos.zabeleta.pt\/?p=274\/#modula-gallery-280\",\n\t\t\"url\"     : \"https:\/\/fragmentos.zabeleta.pt\/?p=274\/\"\n\t}\n\n\t<\/script>\n\n\t\n<\/div>\n","protected":false},"excerpt":{"rendered":"<p>O c\u00e9u nocturno \u00e9, para o olhar desatento, um imenso p\u00e9lago de quietude. Mas onde os nossos sentidos procuram o descanso, a objectiva revela os ritos mais violentos da Cria\u00e7\u00e3o. Uma viagem ao cora\u00e7\u00e3o de IC 410, o abismo escarlate onde a Luz e a Mat\u00e9ria travam a batalha primordial pela Vida. Isto n\u00e3o \u00e9 apenas uma nuvem fotog\u00e9nica no firmamento. \u00c9 o mar primordial, o caos l\u00edquido a ferver sob o olhar das suas pr\u00f3prias crias.<\/p>\n","protected":false},"author":1,"featured_media":276,"comment_status":"open","ping_status":"closed","sticky":false,"template":"","format":"standard","meta":{"footnotes":""},"categories":[9],"tags":[],"class_list":["post-274","post","type-post","status-publish","format-standard","has-post-thumbnail","hentry","category-materia"],"jetpack_featured_media_url":"https:\/\/fragmentos.zabeleta.pt\/wp-content\/uploads\/2026\/07\/IC410_20260221-scaled.jpg","_links":{"self":[{"href":"https:\/\/fragmentos.zabeleta.pt\/index.php?rest_route=\/wp\/v2\/posts\/274","targetHints":{"allow":["GET"]}}],"collection":[{"href":"https:\/\/fragmentos.zabeleta.pt\/index.php?rest_route=\/wp\/v2\/posts"}],"about":[{"href":"https:\/\/fragmentos.zabeleta.pt\/index.php?rest_route=\/wp\/v2\/types\/post"}],"author":[{"embeddable":true,"href":"https:\/\/fragmentos.zabeleta.pt\/index.php?rest_route=\/wp\/v2\/users\/1"}],"replies":[{"embeddable":true,"href":"https:\/\/fragmentos.zabeleta.pt\/index.php?rest_route=%2Fwp%2Fv2%2Fcomments&post=274"}],"version-history":[{"count":5,"href":"https:\/\/fragmentos.zabeleta.pt\/index.php?rest_route=\/wp\/v2\/posts\/274\/revisions"}],"predecessor-version":[{"id":283,"href":"https:\/\/fragmentos.zabeleta.pt\/index.php?rest_route=\/wp\/v2\/posts\/274\/revisions\/283"}],"wp:featuredmedia":[{"embeddable":true,"href":"https:\/\/fragmentos.zabeleta.pt\/index.php?rest_route=\/wp\/v2\/media\/276"}],"wp:attachment":[{"href":"https:\/\/fragmentos.zabeleta.pt\/index.php?rest_route=%2Fwp%2Fv2%2Fmedia&parent=274"}],"wp:term":[{"taxonomy":"category","embeddable":true,"href":"https:\/\/fragmentos.zabeleta.pt\/index.php?rest_route=%2Fwp%2Fv2%2Fcategories&post=274"},{"taxonomy":"post_tag","embeddable":true,"href":"https:\/\/fragmentos.zabeleta.pt\/index.php?rest_route=%2Fwp%2Fv2%2Ftags&post=274"}],"curies":[{"name":"wp","href":"https:\/\/api.w.org\/{rel}","templated":true}]}}