{"id":285,"date":"2026-02-22T22:00:00","date_gmt":"2026-02-22T22:00:00","guid":{"rendered":"https:\/\/fragmentos.zabeleta.pt\/?p=285"},"modified":"2026-07-07T05:36:24","modified_gmt":"2026-07-07T05:36:24","slug":"m45","status":"publish","type":"post","link":"https:\/\/fragmentos.zabeleta.pt\/?p=285","title":{"rendered":"As Sete Irm\u00e3s"},"content":{"rendered":"\n<p class=\"wp-block-paragraph\">H\u00e1 no c\u00e9u de inverno um punhado de diamantes que desafia a nossa necessidade de solid\u00e3o. As Pl\u00eaiades, suspensas no lombo do Touro, s\u00e3o talvez o aglomerado mais evocado pelas mem\u00f3rias antigas da nossa esp\u00e9cie. Olhar para Messier 45 \u00e9 sintonizar o esp\u00edrito com uma can\u00e7\u00e3o de embalar que a humanidade canta a si mesma desde que aprendeu a erguer os olhos para o tecto da noite.<\/p>\n\n\n\n<p class=\"wp-block-paragraph\">A ci\u00eancia moderna diz-nos, com a sua precis\u00e3o cir\u00fargica, que esta n\u00e9voa azul e fantasmag\u00f3rica que a lente revela n\u00e3o gerou estas estrelas. Trata-se de um encontro fortuito no vazio. Uma feliz heran\u00e7a do tempo, onde um grupo de jovens e orgulhosas estrelas azuis cruza o seu caminho com uma nuvem de poeira fria e errante.<\/p>\n\n\n\n<p class=\"wp-block-paragraph\">N\u00e3o h\u00e1 aqui a viol\u00eancia geradora das forjas de hidrog\u00e9nio, mas sim um rito de pura ilumina\u00e7\u00e3o: as estrelas limitam-se a vestir a poeira com o seu reflexo azulado, transformando a opacidade da mat\u00e9ria num manto de seda luminosa.<\/p>\n\n\n\n<p class=\"wp-block-paragraph\">\u00c9 uma beleza assente na conting\u00eancia. A luz n\u00e3o destr\u00f3i a escurid\u00e3o; coexiste com ela, usando a pr\u00f3pria poeira interestelar como um espelho para espalhar os seus fot\u00f5es azuis pelo v\u00e1cuo. Olhamos para filamentos estendidos por anos-luz, uma urdidura c\u00f3smica onde o invis\u00edvel se torna vis\u00edvel apenas porque se deixou tocar pelo brilho certo.<\/p>\n\n\n\n<p class=\"has-text-align-center wp-block-paragraph\" style=\"line-height:4\">*&nbsp;&nbsp;&nbsp;*&nbsp;&nbsp;&nbsp;*<\/p>\n\n\n\n<p class=\"wp-block-paragraph\">A Gnose Velada sempre soube que estas estrelas marcam um ponto de viragem na consci\u00eancia. Na mitologia cl\u00e1ssica, elas s\u00e3o as sete filhas de Atlas, condenado a carregar o peso dos c\u00e9us nos ombros. Elas correm perpetuamente \u00e0 frente de \u00d3rion, o Ca\u00e7ador, numa persegui\u00e7\u00e3o intemporal que serve de b\u00fassola moral aos navegantes e agricultores desde a aurora dos tempos.<\/p>\n\n\n\n<p class=\"wp-block-paragraph\">Para os povos antigos, o seu desaparecimento e ressurgimento no horizonte ditavam os ciclos da sementeira e da colheita, a abertura e o fecho dos mares.<\/p>\n\n\n\n<p class=\"wp-block-paragraph\">M45 ensina-nos a subtileza do reflexo. Nem toda a ilumina\u00e7\u00e3o exige o fogo ou a consuma\u00e7\u00e3o da forma. Por vezes, o nosso papel no mundo \u00e9 id\u00eantico ao destas poeiras frias: n\u00e3o possu\u00edmos luz pr\u00f3pria, somos densos e opacos, mas se nos deixarmos atravessar pela energia superior correcta, somos capazes de reflectir um azul celestial, iluminando o caminho daqueles que caminham na noite.<\/p>\n\n\n\n<p class=\"wp-block-paragraph\">Este Fragmento lembra-nos que a beleza mais comovente nasce muitas vezes de encontros tempor\u00e1rios. As Sete Irm\u00e3s acabar\u00e3o por abandonar esta nuvem protetora, continuando a sua deriva pela gal\u00e1xia e deixando a poeira regressar ao seu sil\u00eancio escuro. Mas, por agora, o manto permanece estendido no firmamento, um lembrete constante de que at\u00e9 o barro do abismo pode brilhar como um deus se encontrar a Luz que o desperte.<\/p>\n\n\n\n<div style=\"height:30px\" aria-hidden=\"true\" class=\"wp-block-spacer\"><\/div>\n\n\n\n<p class=\"has-contrast-2-color has-text-color has-link-color has-small-font-size wp-elements-1 wp-block-paragraph\"><em>Registo efectuado a 20, 21 e 22 de Fevereiro de 2026, a partir do Umbral de Brogueira.<\/em><\/p>\n\n\n<div  id=\"jtg-289\" class=\"modula modula-gallery modula-columns\" data-config=\"{&quot;tabletHeight&quot;:800,&quot;mobileHeight&quot;:800,&quot;desktopHeight&quot;:800,&quot;enableTwitter&quot;:false,&quot;enableWhatsapp&quot;:false,&quot;enableFacebook&quot;:false,&quot;enablePinterest&quot;:false,&quot;enableLinkedin&quot;:false,&quot;enableEmail&quot;:false,&quot;randomFactor&quot;:0.5,&quot;type&quot;:&quot;grid&quot;,&quot;columns&quot;:12,&quot;gutter&quot;:10,&quot;mobileGutter&quot;:10,&quot;tabletGutter&quot;:10,&quot;desktopGutter&quot;:10,&quot;enableResponsive&quot;:true,&quot;tabletColumns&quot;:2,&quot;mobileColumns&quot;:1,&quot;lazyLoad&quot;:0,&quot;lightboxOpts&quot;:{&quot;animated&quot;:true,&quot;Thumbs&quot;:{&quot;type&quot;:&quot;modern&quot;,&quot;showOnStart&quot;:false},&quot;Toolbar&quot;:{&quot;display&quot;:{&quot;right&quot;:[&quot;close&quot;]},&quot;enabled&quot;:true},&quot;Carousel&quot;:{&quot;Panzoom&quot;:{&quot;touch&quot;:true},&quot;infinite&quot;:false},&quot;keyboard&quot;:{&quot;Escape&quot;:&quot;close&quot;,&quot;Delete&quot;:&quot;close&quot;,&quot;Backspace&quot;:&quot;close&quot;,&quot;PageUp&quot;:&quot;next&quot;,&quot;PageDown&quot;:&quot;prev&quot;,&quot;ArrowUp&quot;:&quot;prev&quot;,&quot;ArrowDown&quot;:&quot;next&quot;,&quot;ArrowRight&quot;:&quot;next&quot;,&quot;ArrowLeft&quot;:&quot;prev&quot;},&quot;wheel&quot;:&quot;slide&quot;,&quot;touch&quot;:true,&quot;backdropClick&quot;:&quot;close&quot;,&quot;l10n&quot;:{&quot;CLOSE&quot;:&quot;Close&quot;,&quot;NEXT&quot;:&quot;Next&quot;,&quot;PREV&quot;:&quot;Previous&quot;,&quot;Error&quot;:&quot;The requested content cannot be loaded. Please try again later.&quot;,&quot;PLAY_START&quot;:&quot;Start slideshow&quot;,&quot;PLAY_STOP&quot;:&quot;Pause slideshow&quot;,&quot;FULL_SCREEN&quot;:&quot;Full screen&quot;,&quot;THUMBS&quot;:&quot;Thumbnails&quot;,&quot;DOWNLOAD&quot;:&quot;Download&quot;,&quot;SHARE&quot;:&quot;Share&quot;,&quot;ZOOM&quot;:&quot;Zoom&quot;,&quot;EMAIL&quot;:&quot;Here is the link to the image : %%image_link%% and this is the link to the gallery : %%gallery_link%%&quot;,&quot;MODAL&quot;:&quot;You can close this modal content with the ESC key&quot;,&quot;ERROR&quot;:&quot;Something Went Wrong, Please Try Again Later&quot;,&quot;IMAGE_ERROR&quot;:&quot;Image Not Found&quot;,&quot;ELEMENT_NOT_FOUND&quot;:&quot;HTML Element Not Found&quot;,&quot;AJAX_NOT_FOUND&quot;:&quot;Error Loading AJAX : Not Found&quot;,&quot;AJAX_FORBIDDEN&quot;:&quot;Error Loading AJAX : Forbidden&quot;,&quot;IFRAME_ERROR&quot;:&quot;Error Loading Page&quot;,&quot;TOGGLE_ZOOM&quot;:&quot;Toggle zoom level&quot;,&quot;TOGGLE_THUMBS&quot;:&quot;Toggle thumbnails&quot;,&quot;TOGGLE_SLIDESHOW&quot;:&quot;Toggle slideshow&quot;,&quot;TOGGLE_FULLSCREEN&quot;:&quot;Toggle full-screen mode&quot;},&quot;Images&quot;:{&quot;Panzoom&quot;:{&quot;maxScale&quot;:2}},&quot;mainClass&quot;:&quot;modula-fancybox-container modula-lightbox-jtg-289&quot;,&quot;Html&quot;:{&quot;videoAutoplay&quot;:0,&quot;videoTpl&quot;:&quot;&lt;video class=\\&quot;fancybox__html5video\\&quot; controls muted playsinline controlsList controlsList=\\&quot;nodownload\\&quot; poster=\\&quot;{{poster}}\\&quot; src=\\&quot;{{src}}\\&quot; type=\\&quot;{{format}}\\&quot; &gt;  Sorry, your browser doesn&#039;t support embedded videos, &lt;a href=\\&quot;{{src}}\\&quot;&gt; download &lt;\\\/a&gt; and watch with your favorite video player! &lt;\\\/video&gt;&quot;}},&quot;inView&quot;:false,&quot;email_subject&quot;:&quot;Check out this awesome image !!&quot;,&quot;email_message&quot;:&quot;Here is the link to the image : %%image_link%% and this is the link to the gallery : %%gallery_link%%&quot;,&quot;grid_type&quot;:&quot;automatic&quot;,&quot;rowHeight&quot;:250,&quot;lastRow&quot;:&quot;justify&quot;,&quot;lightbox&quot;:&quot;fancybox&quot;,&quot;lightbox_devices&quot;:&quot;both&quot;}\">\n\n\t\n\t<div  class=\"modula-items grid-gallery\">\n\t\t<div class=\"modula-item effect-pufrobo\" >\n\t<div class=\"modula-item-overlay\"><\/div>\n\n\t<div class=\"modula-item-content\">\n\n\t\t<a data-image-id=\"297\" role=\"button\" tabindex=\"0\" rel=\"jtg-289\" data-caption=\"As Sete Irm\u00e3s &lt;br&gt;&lt;small&gt;&lt;i&gt;A Seda do \u00c9ter&lt;\/i&gt;&lt;\/small&gt;\" aria-label=\"Open image in lightbox\" class=\"tile-inner modula-item-link\"><\/a><img loading=\"lazy\" decoding=\"async\" class=\"pic wp-image-297\"  data-valign=\"middle\" data-halign=\"center\" alt=\"Fotografia astron\u00f3mica de campo amplo do aglomerado estelar das Pl\u00eaiades (M45), exibindo um grupo central de estrelas azuis brilhantes envolto numa intensa e detalhada nebulosidade filamentosa de cor azul-clara, rodeada por in\u00fameras estrelas de fundo mais pequenas sobre o \u00e9ter negro profunda.\" data-full=\"https:\/\/fragmentos.zabeleta.pt\/wp-content\/uploads\/2026\/07\/M45_20260221-2.jpg\" title=\"M45_20260221\" crop=\"\" width=\"300\" height=\"169\" src=\"https:\/\/fragmentos.zabeleta.pt\/wp-content\/uploads\/2026\/07\/M45_20260221-2-300x169.jpg\" data-src=\"https:\/\/fragmentos.zabeleta.pt\/wp-content\/uploads\/2026\/07\/M45_20260221-2-300x169.jpg\" data-caption=\"As Sete Irm\u00e3s &lt;br&gt;&lt;small&gt;&lt;i&gt;A Seda do \u00c9ter&lt;\/i&gt;&lt;\/small&gt;\" srcset=\"https:\/\/fragmentos.zabeleta.pt\/wp-content\/uploads\/2026\/07\/M45_20260221-2-scaled.jpg 2133w, https:\/\/fragmentos.zabeleta.pt\/wp-content\/uploads\/2026\/07\/M45_20260221-2-scaled-300x169.jpg 300w, https:\/\/fragmentos.zabeleta.pt\/wp-content\/uploads\/2026\/07\/M45_20260221-2-1024x576.jpg 1024w, https:\/\/fragmentos.zabeleta.pt\/wp-content\/uploads\/2026\/07\/M45_20260221-2-768x432.jpg 768w, https:\/\/fragmentos.zabeleta.pt\/wp-content\/uploads\/2026\/07\/M45_20260221-2-1536x864.jpg 1536w, https:\/\/fragmentos.zabeleta.pt\/wp-content\/uploads\/2026\/07\/M45_20260221-2-2048x1152.jpg 2048w\" sizes=\"auto, (max-width: 300px) 100vw, 300px\" \/>\n\t\t<div class=\"figc\">\n\t\t\t<div class=\"figc-inner\">\n\t\t\t\t\t\t\t\t\t\t\t\t\t<div class=\"jtg-description\">As Sete Irm\u00e3s <br><small><i>A Seda do \u00c9ter<\/i><\/small><\/div>\n\t\t\t\t\t\t\t\t\t\t\t<\/div>\n\t\t<\/div>\n\n\t<\/div>\n\n<\/div>\t\t\n\t<\/div>\n\n\t\n\t\n\t<script type=\"application\/ld+json\">\n\t{\n\t\t\"@context\": \"https:\/\/schema.org\",\n\t\t\"@type\"   : \"ImageGallery\",\n\t\t\"id\"      : \"https:\/\/fragmentos.zabeleta.pt\/?p=285\/#modula-gallery-289\",\n\t\t\"url\"     : \"https:\/\/fragmentos.zabeleta.pt\/?p=285\/\"\n\t}\n\n\t<\/script>\n\n\t\n<\/div>\n","protected":false},"excerpt":{"rendered":"<p>Olhar para as Pl\u00eaiades \u00e9 sintonizar o esp\u00edrito com uma can\u00e7\u00e3o de embalar que a humanidade canta a si mesma desde a aurora dos tempos. Um mergulho na n\u00e9voa azul de Messier 45, o encontro fortuito onde a poeira fria do espa\u00e7o se deixa vestir pela luz das estrelas para tecer o mais belo manto do firmamento.<\/p>\n","protected":false},"author":1,"featured_media":297,"comment_status":"open","ping_status":"closed","sticky":false,"template":"","format":"standard","meta":{"footnotes":""},"categories":[8],"tags":[],"class_list":["post-285","post","type-post","status-publish","format-standard","has-post-thumbnail","hentry","category-tapecaria"],"jetpack_featured_media_url":"https:\/\/fragmentos.zabeleta.pt\/wp-content\/uploads\/2026\/07\/M45_20260221-2-scaled.jpg","_links":{"self":[{"href":"https:\/\/fragmentos.zabeleta.pt\/index.php?rest_route=\/wp\/v2\/posts\/285","targetHints":{"allow":["GET"]}}],"collection":[{"href":"https:\/\/fragmentos.zabeleta.pt\/index.php?rest_route=\/wp\/v2\/posts"}],"about":[{"href":"https:\/\/fragmentos.zabeleta.pt\/index.php?rest_route=\/wp\/v2\/types\/post"}],"author":[{"embeddable":true,"href":"https:\/\/fragmentos.zabeleta.pt\/index.php?rest_route=\/wp\/v2\/users\/1"}],"replies":[{"embeddable":true,"href":"https:\/\/fragmentos.zabeleta.pt\/index.php?rest_route=%2Fwp%2Fv2%2Fcomments&post=285"}],"version-history":[{"count":5,"href":"https:\/\/fragmentos.zabeleta.pt\/index.php?rest_route=\/wp\/v2\/posts\/285\/revisions"}],"predecessor-version":[{"id":303,"href":"https:\/\/fragmentos.zabeleta.pt\/index.php?rest_route=\/wp\/v2\/posts\/285\/revisions\/303"}],"wp:featuredmedia":[{"embeddable":true,"href":"https:\/\/fragmentos.zabeleta.pt\/index.php?rest_route=\/wp\/v2\/media\/297"}],"wp:attachment":[{"href":"https:\/\/fragmentos.zabeleta.pt\/index.php?rest_route=%2Fwp%2Fv2%2Fmedia&parent=285"}],"wp:term":[{"taxonomy":"category","embeddable":true,"href":"https:\/\/fragmentos.zabeleta.pt\/index.php?rest_route=%2Fwp%2Fv2%2Fcategories&post=285"},{"taxonomy":"post_tag","embeddable":true,"href":"https:\/\/fragmentos.zabeleta.pt\/index.php?rest_route=%2Fwp%2Fv2%2Ftags&post=285"}],"curies":[{"name":"wp","href":"https:\/\/api.w.org\/{rel}","templated":true}]}}