{"id":302,"date":"2026-06-11T22:00:00","date_gmt":"2026-06-11T22:00:00","guid":{"rendered":"https:\/\/fragmentos.zabeleta.pt\/?p=302"},"modified":"2026-07-08T16:01:48","modified_gmt":"2026-07-08T16:01:48","slug":"a-sombra-que-respira","status":"publish","type":"post","link":"https:\/\/fragmentos.zabeleta.pt\/?p=302","title":{"rendered":"A Sombra que Respira"},"content":{"rendered":"\n<p class=\"wp-block-paragraph\">H\u00e1 uma ilus\u00e3o persistente na forma como olhamos para as estrelas. Julgamos que a luz \u00e9 a \u00fanica for\u00e7a activa no cosmos, a \u00fanica obreira da beleza que nos chega \u00e0 retina. Mas o \u00e9ter esconde uma verdade mais antiga: a escurid\u00e3o n\u00e3o \u00e9 a aus\u00eancia de algo; \u00e9 uma presen\u00e7a densa, uma barreira que molda e resiste \u00e0 pr\u00f3pria claridade.<\/p>\n\n\n\n<p class=\"wp-block-paragraph\">Na constela\u00e7\u00e3o de Cefeu (o Rei, o monarca m\u00edtico que na tradi\u00e7\u00e3o esot\u00e9rica rege a funda\u00e7\u00e3o das leis e a estabilidade do eixo celeste) repousa o complexo IC 1396. O que a lente revela nesta capta\u00e7\u00e3o n\u00e3o \u00e9 um detalhe isolado, mas um vasto oceano de fogo rubro, uma fornalha de hidrog\u00e9nio com mais de cem anos-luz de di\u00e2metro.<\/p>\n\n\n\n<p class=\"wp-block-paragraph\">Contudo, os olhos s\u00e3o inevitavelmente sugados n\u00e3o para a luz, mas para a aus\u00eancia dela.<\/p>\n\n\n\n<p class=\"wp-block-paragraph\">Flutuando neste p\u00e9lago incandescente, emergem arquip\u00e9lagos de opacidade. O mais majestoso desce como um bra\u00e7o retorcido pela sec\u00e7\u00e3o inferior, a silhueta sinuosa a que chamamos Tromba de Elefante. N\u00e3o estamos a olhar para um vazio no c\u00e9u, mas sim para pilares de mat\u00e9ria fria, casulos de poeira c\u00f3smica t\u00e3o espessa que bloqueiam a radia\u00e7\u00e3o fulgurante que os circunda.<\/p>\n\n\n\n<p class=\"wp-block-paragraph\">A astrof\u00edsica explica-nos que estas sombras est\u00e3o a ser comprimidas. As estrelas maci\u00e7as que incendeiam a nuvem emitem uma radia\u00e7\u00e3o t\u00e3o violenta que ionizam e corroem as bordas da poeira, criando os frisos luminosos e recortados que desenham a silhueta da Tromba. Sob o efeito desta prensa de luz exterior, a mat\u00e9ria no interior do pilar \u00e9 for\u00e7ada a colapsar sobre si mesma. Na solid\u00e3o mais profunda destas trevas que parecem mortas, o milagre repete-se: o negrume est\u00e1, neste preciso instante, a dar \u00e0 luz uma nova gera\u00e7\u00e3o de estrelas.<\/p>\n\n\n\n<p class=\"wp-block-paragraph\">\u00c9 o mist\u00e9rio supremo da <em>Prima Mat\u00e9ria<\/em>: o \u00fatero tem de permanecer estritamente escuro para que a luz possa ser forjada.<\/p>\n\n\n\n<p class=\"has-text-align-center wp-block-paragraph\" style=\"line-height:4\">*\u00a0\u00a0\u00a0*\u00a0\u00a0\u00a0*<\/p>\n\n\n\n<p class=\"wp-block-paragraph\">A Gnose Velada associa Cefeu ao princ\u00edpio da soberania interior, ao poder de manter a forma perante o caos. O Rei \u00e9 aquele que governa atrav\u00e9s da resist\u00eancia e da conten\u00e7\u00e3o.<\/p>\n\n\n\n<p class=\"wp-block-paragraph\">Este Fragmento ensina-nos a sacralidade do recolhimento. H\u00e1 momentos na Busca em que o esp\u00edrito se sente sitiado, rodeado por uma f\u00faria exterior que parece corroer a nossa periferia e exigir de n\u00f3s um brilho constante. Mas a li\u00e7\u00e3o destas silhuetas \u00e9 de uma clareza absoluta: a press\u00e3o que nos fustiga por fora \u00e9 a mesma que nos condensa por dentro. \u00c9 no \u00e2mago da nossa pr\u00f3pria sombra, resguardados do fogo disperso do mundo, que as nossas maiores for\u00e7as est\u00e3o a ser incubadas.<\/p>\n\n\n\n<p class=\"wp-block-paragraph\">Processar esta imagem (isolando o brilho puro das estrelas para revelar a ferocidade da nebulosa, e voltando a unir os dois mundos com precis\u00e3o) \u00e9 um reflexo alqu\u00edmico. \u00c9 o acto de separar o subtil do espesso.<\/p>\n\n\n\n<p class=\"wp-block-paragraph\">A Tromba de Elefante e os seus gl\u00f3bulos vizinhos s\u00e3o monumentos \u00e0 resili\u00eancia silenciosa. Eles recordam-nos que nem toda a for\u00e7a se manifesta na emiss\u00e3o directa. H\u00e1 um valor imenso naquilo que ret\u00e9m e resiste, pois quando os ventos c\u00f3smicos finalmente dissiparem esta poeira rubra, restar\u00e1 apenas o trono iluminado das novas estrelas que souberam nascer da escurid\u00e3o.<\/p>\n\n\n\n<div style=\"height:30px\" aria-hidden=\"true\" class=\"wp-block-spacer\"><\/div>\n\n\n\n<p class=\"has-contrast-2-color has-text-color has-link-color has-small-font-size wp-elements-1 wp-block-paragraph\"><em>Registo efectuado nos dias 9, 10 e 11 de Junho de 2026, a partir do Umbral de Brogueira.<\/em><\/p>\n\n\n<div  id=\"jtg-301\" class=\"modula modula-gallery modula-columns\" data-config=\"{&quot;tabletHeight&quot;:800,&quot;mobileHeight&quot;:800,&quot;desktopHeight&quot;:800,&quot;enableTwitter&quot;:false,&quot;enableWhatsapp&quot;:false,&quot;enableFacebook&quot;:false,&quot;enablePinterest&quot;:false,&quot;enableLinkedin&quot;:false,&quot;enableEmail&quot;:false,&quot;randomFactor&quot;:0.5,&quot;type&quot;:&quot;grid&quot;,&quot;columns&quot;:12,&quot;gutter&quot;:10,&quot;mobileGutter&quot;:10,&quot;tabletGutter&quot;:10,&quot;desktopGutter&quot;:10,&quot;enableResponsive&quot;:true,&quot;tabletColumns&quot;:2,&quot;mobileColumns&quot;:1,&quot;lazyLoad&quot;:0,&quot;lightboxOpts&quot;:{&quot;animated&quot;:true,&quot;Thumbs&quot;:{&quot;type&quot;:&quot;modern&quot;,&quot;showOnStart&quot;:false},&quot;Toolbar&quot;:{&quot;display&quot;:{&quot;right&quot;:[&quot;close&quot;]},&quot;enabled&quot;:true},&quot;Carousel&quot;:{&quot;Panzoom&quot;:{&quot;touch&quot;:true},&quot;infinite&quot;:false},&quot;keyboard&quot;:{&quot;Escape&quot;:&quot;close&quot;,&quot;Delete&quot;:&quot;close&quot;,&quot;Backspace&quot;:&quot;close&quot;,&quot;PageUp&quot;:&quot;next&quot;,&quot;PageDown&quot;:&quot;prev&quot;,&quot;ArrowUp&quot;:&quot;prev&quot;,&quot;ArrowDown&quot;:&quot;next&quot;,&quot;ArrowRight&quot;:&quot;next&quot;,&quot;ArrowLeft&quot;:&quot;prev&quot;},&quot;wheel&quot;:&quot;slide&quot;,&quot;touch&quot;:true,&quot;backdropClick&quot;:&quot;close&quot;,&quot;l10n&quot;:{&quot;CLOSE&quot;:&quot;Close&quot;,&quot;NEXT&quot;:&quot;Next&quot;,&quot;PREV&quot;:&quot;Previous&quot;,&quot;Error&quot;:&quot;The requested content cannot be loaded. Please try again later.&quot;,&quot;PLAY_START&quot;:&quot;Start slideshow&quot;,&quot;PLAY_STOP&quot;:&quot;Pause slideshow&quot;,&quot;FULL_SCREEN&quot;:&quot;Full screen&quot;,&quot;THUMBS&quot;:&quot;Thumbnails&quot;,&quot;DOWNLOAD&quot;:&quot;Download&quot;,&quot;SHARE&quot;:&quot;Share&quot;,&quot;ZOOM&quot;:&quot;Zoom&quot;,&quot;EMAIL&quot;:&quot;Here is the link to the image : %%image_link%% and this is the link to the gallery : %%gallery_link%%&quot;,&quot;MODAL&quot;:&quot;You can close this modal content with the ESC key&quot;,&quot;ERROR&quot;:&quot;Something Went Wrong, Please Try Again Later&quot;,&quot;IMAGE_ERROR&quot;:&quot;Image Not Found&quot;,&quot;ELEMENT_NOT_FOUND&quot;:&quot;HTML Element Not Found&quot;,&quot;AJAX_NOT_FOUND&quot;:&quot;Error Loading AJAX : Not Found&quot;,&quot;AJAX_FORBIDDEN&quot;:&quot;Error Loading AJAX : Forbidden&quot;,&quot;IFRAME_ERROR&quot;:&quot;Error Loading Page&quot;,&quot;TOGGLE_ZOOM&quot;:&quot;Toggle zoom level&quot;,&quot;TOGGLE_THUMBS&quot;:&quot;Toggle thumbnails&quot;,&quot;TOGGLE_SLIDESHOW&quot;:&quot;Toggle slideshow&quot;,&quot;TOGGLE_FULLSCREEN&quot;:&quot;Toggle full-screen mode&quot;},&quot;Images&quot;:{&quot;Panzoom&quot;:{&quot;maxScale&quot;:2}},&quot;mainClass&quot;:&quot;modula-fancybox-container modula-lightbox-jtg-301&quot;,&quot;Html&quot;:{&quot;videoAutoplay&quot;:0,&quot;videoTpl&quot;:&quot;&lt;video class=\\&quot;fancybox__html5video\\&quot; controls muted playsinline controlsList controlsList=\\&quot;nodownload\\&quot; poster=\\&quot;{{poster}}\\&quot; src=\\&quot;{{src}}\\&quot; type=\\&quot;{{format}}\\&quot; &gt;  Sorry, your browser doesn&#039;t support embedded videos, &lt;a href=\\&quot;{{src}}\\&quot;&gt; download &lt;\\\/a&gt; and watch with your favorite video player! &lt;\\\/video&gt;&quot;}},&quot;inView&quot;:false,&quot;email_subject&quot;:&quot;Check out this awesome image !!&quot;,&quot;email_message&quot;:&quot;Here is the link to the image : %%image_link%% and this is the link to the gallery : %%gallery_link%%&quot;,&quot;grid_type&quot;:&quot;automatic&quot;,&quot;rowHeight&quot;:250,&quot;lastRow&quot;:&quot;justify&quot;,&quot;lightbox&quot;:&quot;fancybox&quot;,&quot;lightbox_devices&quot;:&quot;both&quot;}\">\n\n\t\n\t<div  class=\"modula-items grid-gallery\">\n\t\t<div class=\"modula-item effect-pufrobo\" >\n\t<div class=\"modula-item-overlay\"><\/div>\n\n\t<div class=\"modula-item-content\">\n\n\t\t<a data-image-id=\"300\" role=\"button\" tabindex=\"0\" rel=\"jtg-301\" data-caption=\"A Sombra que Respira &lt;br&gt;&lt;small&gt;&lt;i&gt;Os Pilares de Cefeu&lt;\/i&gt;&lt;\/small&gt;\" aria-label=\"Open image in lightbox\" class=\"tile-inner modula-item-link\"><\/a><img loading=\"lazy\" decoding=\"async\" class=\"pic wp-image-300\"  data-valign=\"middle\" data-halign=\"center\" alt=\"Fotografia astron\u00f3mica de campo amplo coberta quase na totalidade por uma imensa e texturada nuvem de g\u00e1s vermelho incandescente (IC 1396). Diversos gl\u00f3bulos e veios de mat\u00e9ria escura recortam o vermelho, destacando-se na zona inferior a estrutura longa e retorcida da Tromba de Elefante. O campo est\u00e1 densamente pontilhado por estrelas finas e n\u00edtidas, evidenciando-se uma estrela muito brilhante de tom dourado no quadrante superior direito.\" data-full=\"https:\/\/fragmentos.zabeleta.pt\/wp-content\/uploads\/2026\/07\/IC1396_20260611.jpg\" title=\"IC1396_20260611\" crop=\"\" width=\"300\" height=\"169\" src=\"https:\/\/fragmentos.zabeleta.pt\/wp-content\/uploads\/2026\/07\/IC1396_20260611-300x169.jpg\" data-src=\"https:\/\/fragmentos.zabeleta.pt\/wp-content\/uploads\/2026\/07\/IC1396_20260611-300x169.jpg\" data-caption=\"A Sombra que Respira &lt;br&gt;&lt;small&gt;&lt;i&gt;Os Pilares de Cefeu&lt;\/i&gt;&lt;\/small&gt;\" srcset=\"https:\/\/fragmentos.zabeleta.pt\/wp-content\/uploads\/2026\/07\/IC1396_20260611-scaled.jpg 2133w, https:\/\/fragmentos.zabeleta.pt\/wp-content\/uploads\/2026\/07\/IC1396_20260611-scaled-300x169.jpg 300w, https:\/\/fragmentos.zabeleta.pt\/wp-content\/uploads\/2026\/07\/IC1396_20260611-1024x576.jpg 1024w, https:\/\/fragmentos.zabeleta.pt\/wp-content\/uploads\/2026\/07\/IC1396_20260611-768x432.jpg 768w, https:\/\/fragmentos.zabeleta.pt\/wp-content\/uploads\/2026\/07\/IC1396_20260611-1536x864.jpg 1536w, https:\/\/fragmentos.zabeleta.pt\/wp-content\/uploads\/2026\/07\/IC1396_20260611-2048x1152.jpg 2048w\" sizes=\"auto, (max-width: 300px) 100vw, 300px\" \/>\n\t\t<div class=\"figc\">\n\t\t\t<div class=\"figc-inner\">\n\t\t\t\t\t\t\t\t\t\t\t\t\t<div class=\"jtg-description\">A Sombra que Respira <br><small><i>Os Pilares de Cefeu<\/i><\/small><\/div>\n\t\t\t\t\t\t\t\t\t\t\t<\/div>\n\t\t<\/div>\n\n\t<\/div>\n\n<\/div>\t\t\n\t<\/div>\n\n\t\n\t\n\t<script type=\"application\/ld+json\">\n\t{\n\t\t\"@context\": \"https:\/\/schema.org\",\n\t\t\"@type\"   : \"ImageGallery\",\n\t\t\"id\"      : \"https:\/\/fragmentos.zabeleta.pt\/?p=302\/#modula-gallery-301\",\n\t\t\"url\"     : \"https:\/\/fragmentos.zabeleta.pt\/?p=302\/\"\n\t}\n\n\t<\/script>\n\n\t\n<\/div>\n","protected":false},"excerpt":{"rendered":"<p>O \u00e9ter esconde uma verdade mais antiga: a escurid\u00e3o n\u00e3o \u00e9 a aus\u00eancia de algo, mas uma presen\u00e7a densa que resiste e molda a claridade. Um mergulho no vasto oceano rubro de IC 1396, onde a majestosa Tromba de Elefante e outras silhuetas de Prima Mat\u00e9ria se deixam comprimir pela f\u00faria da luz para gestar novas estrelas no seio das suas sombras.<\/p>\n","protected":false},"author":1,"featured_media":300,"comment_status":"open","ping_status":"closed","sticky":false,"template":"","format":"standard","meta":{"footnotes":""},"categories":[9],"tags":[],"class_list":["post-302","post","type-post","status-publish","format-standard","has-post-thumbnail","hentry","category-materia"],"jetpack_featured_media_url":"https:\/\/fragmentos.zabeleta.pt\/wp-content\/uploads\/2026\/07\/IC1396_20260611-scaled.jpg","_links":{"self":[{"href":"https:\/\/fragmentos.zabeleta.pt\/index.php?rest_route=\/wp\/v2\/posts\/302","targetHints":{"allow":["GET"]}}],"collection":[{"href":"https:\/\/fragmentos.zabeleta.pt\/index.php?rest_route=\/wp\/v2\/posts"}],"about":[{"href":"https:\/\/fragmentos.zabeleta.pt\/index.php?rest_route=\/wp\/v2\/types\/post"}],"author":[{"embeddable":true,"href":"https:\/\/fragmentos.zabeleta.pt\/index.php?rest_route=\/wp\/v2\/users\/1"}],"replies":[{"embeddable":true,"href":"https:\/\/fragmentos.zabeleta.pt\/index.php?rest_route=%2Fwp%2Fv2%2Fcomments&post=302"}],"version-history":[{"count":1,"href":"https:\/\/fragmentos.zabeleta.pt\/index.php?rest_route=\/wp\/v2\/posts\/302\/revisions"}],"predecessor-version":[{"id":304,"href":"https:\/\/fragmentos.zabeleta.pt\/index.php?rest_route=\/wp\/v2\/posts\/302\/revisions\/304"}],"wp:featuredmedia":[{"embeddable":true,"href":"https:\/\/fragmentos.zabeleta.pt\/index.php?rest_route=\/wp\/v2\/media\/300"}],"wp:attachment":[{"href":"https:\/\/fragmentos.zabeleta.pt\/index.php?rest_route=%2Fwp%2Fv2%2Fmedia&parent=302"}],"wp:term":[{"taxonomy":"category","embeddable":true,"href":"https:\/\/fragmentos.zabeleta.pt\/index.php?rest_route=%2Fwp%2Fv2%2Fcategories&post=302"},{"taxonomy":"post_tag","embeddable":true,"href":"https:\/\/fragmentos.zabeleta.pt\/index.php?rest_route=%2Fwp%2Fv2%2Ftags&post=302"}],"curies":[{"name":"wp","href":"https:\/\/api.w.org\/{rel}","templated":true}]}}