{"id":307,"date":"2026-06-18T22:00:00","date_gmt":"2026-06-18T22:00:00","guid":{"rendered":"https:\/\/fragmentos.zabeleta.pt\/?p=307"},"modified":"2026-07-09T09:29:11","modified_gmt":"2026-07-09T09:29:11","slug":"a-aguia-e-o-cisne","status":"publish","type":"post","link":"https:\/\/fragmentos.zabeleta.pt\/?p=307","title":{"rendered":"A \u00c1guia e o Cisne"},"content":{"rendered":"\n<p class=\"wp-block-paragraph\">H\u00e1 uma tend\u00eancia humana para isolar a beleza. O nosso olhar procura o sujeito singular, a estrela solit\u00e1ria, a nebulosa contida na sua pr\u00f3pria moldura geom\u00e9trica. Mas o cosmos n\u00e3o reconhece as nossas fronteiras artificiais. O firmamento n\u00e3o \u00e9 um museu de pe\u00e7as soltas; \u00e9 um organismo cont\u00ednuo, pulsante e indissoci\u00e1vel.<\/p>\n\n\n\n<p class=\"wp-block-paragraph\">Na vastid\u00e3o rica e congestionada do bra\u00e7o de Sagit\u00e1rio, o <em>Punctum<\/em> abriu os olhos para registar esta prova de uni\u00e3o. O que a lente captou n\u00e3o foram dois objectos distintos, mas dois altares de fogo erguidos sobre a mesma funda\u00e7\u00e3o.<\/p>\n\n\n\n<p class=\"wp-block-paragraph\">\u00c0 direita, ergue-se Messier 16, a Nebulosa da \u00c1guia, famosa por albergar no seu seio os ic\u00f3nicos Pilares da Cria\u00e7\u00e3o. \u00c0 esquerda, brilha Messier 17, a Nebulosa do Cisne (ou \u00d3mega), um caldeir\u00e3o onde a radia\u00e7\u00e3o \u00e9 t\u00e3o intensa que o g\u00e1s parece desenhar a silhueta de uma ave a deslizar sobre um lago de fogo.<\/p>\n\n\n\n<p class=\"wp-block-paragraph\">Separadas por abismos de espa\u00e7o, estas duas forjas colossais revelam aqui o seu segredo mais \u00edntimo: elas partilham o mesmo sangue. Est\u00e3o interligadas por um vasto e t\u00e9nue oceano de hidrog\u00e9nio rubro, um rio de <em>Prima Mat\u00e9ria<\/em> que varre o campo estelar de uma ponta \u00e0 outra. S\u00e3o duas feridas luminosas no mesmo tecido escuro, duas f\u00e1bricas de estrelas onde o g\u00e1s primordial colapsa e se acende sob a press\u00e3o da sua pr\u00f3pria gravidade.<\/p>\n\n\n\n<p class=\"has-text-align-center wp-block-paragraph\" style=\"line-height:4\">*&nbsp;&nbsp;&nbsp;*&nbsp;&nbsp;&nbsp;*<\/p>\n\n\n\n<p class=\"wp-block-paragraph\">A Gnose Velada sempre utilizou os arqu\u00e9tipos destas duas aves para descrever os voos da alma humana, e n\u00e3o \u00e9 por acaso que as encontramos ligadas no cora\u00e7\u00e3o da Via L\u00e1ctea.<\/p>\n\n\n\n<p class=\"wp-block-paragraph\">A \u00c1guia \u00e9 o princ\u00edpio da eleva\u00e7\u00e3o solar, a vis\u00e3o afiada que corta as nuvens da ilus\u00e3o. \u00c9 o esp\u00edrito que se ergue acima da densidade da mat\u00e9ria, suportando a luz inclemente da verdade sem desviar os olhos. O Cisne, por seu lado, \u00e9 o arqu\u00e9tipo da gra\u00e7a sobre as \u00e1guas profundas, o ve\u00edculo que navega entre os mundos, a luz branca que purifica o p\u00e9lago emocional e obscuro do abismo.<\/p>\n\n\n\n<p class=\"wp-block-paragraph\">Este Fragmento oferece-nos a imagem completa da Grande Obra. Ensina-nos que a agressividade da \u00c1guia e a serenidade do Cisne n\u00e3o s\u00e3o for\u00e7as antag\u00f3nicas, mas p\u00f3los complementares do mesmo processo de transmuta\u00e7\u00e3o. Para que a luz interior nas\u00e7a (o objectivo de toda a cria\u00e7\u00e3o estelar e espiritual), necessitamos de ambas as naturezas: a for\u00e7a para nos elevarmos acima da poeira que nos cega, e a gra\u00e7a para navegarmos as \u00e1guas do desconhecido sem nos afundarmos.<\/p>\n\n\n\n<p class=\"wp-block-paragraph\">Ver esta imagem com as estrelas perfeitamente destiladas e separadas da f\u00faria da nebulosa \u00e9 compreender que, por tr\u00e1s da aparente divis\u00e3o das coisas, flui um \u00fanico rio vermelho e primordial, interligando todas as nossas forjas interiores.<\/p>\n\n\n\n<div style=\"height:41px\" aria-hidden=\"true\" class=\"wp-block-spacer\"><\/div>\n\n\n\n<p class=\"has-contrast-2-color has-text-color has-link-color has-small-font-size wp-elements-1 wp-block-paragraph\"><em>Registo efectuado nos dias 16, 17 e 18 de Junho de 2026, a partir do Umbral de Brogueira.<\/em><\/p>\n\n\n<div  id=\"jtg-306\" class=\"modula modula-gallery modula-columns\" data-config=\"{&quot;tabletHeight&quot;:800,&quot;mobileHeight&quot;:800,&quot;desktopHeight&quot;:800,&quot;enableTwitter&quot;:false,&quot;enableWhatsapp&quot;:false,&quot;enableFacebook&quot;:false,&quot;enablePinterest&quot;:false,&quot;enableLinkedin&quot;:false,&quot;enableEmail&quot;:false,&quot;randomFactor&quot;:0.5,&quot;type&quot;:&quot;grid&quot;,&quot;columns&quot;:12,&quot;gutter&quot;:10,&quot;mobileGutter&quot;:10,&quot;tabletGutter&quot;:10,&quot;desktopGutter&quot;:10,&quot;enableResponsive&quot;:true,&quot;tabletColumns&quot;:2,&quot;mobileColumns&quot;:1,&quot;lazyLoad&quot;:0,&quot;lightboxOpts&quot;:{&quot;animated&quot;:true,&quot;Thumbs&quot;:{&quot;type&quot;:&quot;modern&quot;,&quot;showOnStart&quot;:false},&quot;Toolbar&quot;:{&quot;display&quot;:{&quot;right&quot;:[&quot;close&quot;]},&quot;enabled&quot;:true},&quot;Carousel&quot;:{&quot;Panzoom&quot;:{&quot;touch&quot;:true},&quot;infinite&quot;:false},&quot;keyboard&quot;:{&quot;Escape&quot;:&quot;close&quot;,&quot;Delete&quot;:&quot;close&quot;,&quot;Backspace&quot;:&quot;close&quot;,&quot;PageUp&quot;:&quot;next&quot;,&quot;PageDown&quot;:&quot;prev&quot;,&quot;ArrowUp&quot;:&quot;prev&quot;,&quot;ArrowDown&quot;:&quot;next&quot;,&quot;ArrowRight&quot;:&quot;next&quot;,&quot;ArrowLeft&quot;:&quot;prev&quot;},&quot;wheel&quot;:&quot;slide&quot;,&quot;touch&quot;:true,&quot;backdropClick&quot;:&quot;close&quot;,&quot;l10n&quot;:{&quot;CLOSE&quot;:&quot;Close&quot;,&quot;NEXT&quot;:&quot;Next&quot;,&quot;PREV&quot;:&quot;Previous&quot;,&quot;Error&quot;:&quot;The requested content cannot be loaded. Please try again later.&quot;,&quot;PLAY_START&quot;:&quot;Start slideshow&quot;,&quot;PLAY_STOP&quot;:&quot;Pause slideshow&quot;,&quot;FULL_SCREEN&quot;:&quot;Full screen&quot;,&quot;THUMBS&quot;:&quot;Thumbnails&quot;,&quot;DOWNLOAD&quot;:&quot;Download&quot;,&quot;SHARE&quot;:&quot;Share&quot;,&quot;ZOOM&quot;:&quot;Zoom&quot;,&quot;EMAIL&quot;:&quot;Here is the link to the image : %%image_link%% and this is the link to the gallery : %%gallery_link%%&quot;,&quot;MODAL&quot;:&quot;You can close this modal content with the ESC key&quot;,&quot;ERROR&quot;:&quot;Something Went Wrong, Please Try Again Later&quot;,&quot;IMAGE_ERROR&quot;:&quot;Image Not Found&quot;,&quot;ELEMENT_NOT_FOUND&quot;:&quot;HTML Element Not Found&quot;,&quot;AJAX_NOT_FOUND&quot;:&quot;Error Loading AJAX : Not Found&quot;,&quot;AJAX_FORBIDDEN&quot;:&quot;Error Loading AJAX : Forbidden&quot;,&quot;IFRAME_ERROR&quot;:&quot;Error Loading Page&quot;,&quot;TOGGLE_ZOOM&quot;:&quot;Toggle zoom level&quot;,&quot;TOGGLE_THUMBS&quot;:&quot;Toggle thumbnails&quot;,&quot;TOGGLE_SLIDESHOW&quot;:&quot;Toggle slideshow&quot;,&quot;TOGGLE_FULLSCREEN&quot;:&quot;Toggle full-screen mode&quot;},&quot;Images&quot;:{&quot;Panzoom&quot;:{&quot;maxScale&quot;:2}},&quot;mainClass&quot;:&quot;modula-fancybox-container modula-lightbox-jtg-306&quot;,&quot;Html&quot;:{&quot;videoAutoplay&quot;:0,&quot;videoTpl&quot;:&quot;&lt;video class=\\&quot;fancybox__html5video\\&quot; controls muted playsinline controlsList controlsList=\\&quot;nodownload\\&quot; poster=\\&quot;{{poster}}\\&quot; src=\\&quot;{{src}}\\&quot; type=\\&quot;{{format}}\\&quot; &gt;  Sorry, your browser doesn&#039;t support embedded videos, &lt;a href=\\&quot;{{src}}\\&quot;&gt; download &lt;\\\/a&gt; and watch with your favorite video player! &lt;\\\/video&gt;&quot;}},&quot;inView&quot;:false,&quot;email_subject&quot;:&quot;Check out this awesome image !!&quot;,&quot;email_message&quot;:&quot;Here is the link to the image : %%image_link%% and this is the link to the gallery : %%gallery_link%%&quot;,&quot;grid_type&quot;:&quot;automatic&quot;,&quot;rowHeight&quot;:250,&quot;lastRow&quot;:&quot;justify&quot;,&quot;lightbox&quot;:&quot;fancybox&quot;,&quot;lightbox_devices&quot;:&quot;both&quot;}\">\n\n\t\n\t<div  class=\"modula-items grid-gallery\">\n\t\t<div class=\"modula-item effect-pufrobo\" >\n\t<div class=\"modula-item-overlay\"><\/div>\n\n\t<div class=\"modula-item-content\">\n\n\t\t<a data-image-id=\"305\" role=\"button\" tabindex=\"0\" rel=\"jtg-306\" data-caption=\"A \u00c1guia e o Cisne &lt;br&gt;&lt;small&gt;&lt;i&gt;Os Altares Interligados&lt;\/i&gt;&lt;\/small&gt;\" aria-label=\"Open image in lightbox\" class=\"tile-inner modula-item-link\"><\/a><img loading=\"lazy\" decoding=\"async\" class=\"pic wp-image-305\"  data-valign=\"middle\" data-halign=\"center\" alt=\"Fotografia astron\u00f3mica de campo amplo destacando duas nebulosas brilhantes sobre um imenso fundo de g\u00e1s vermelho incandescente. \u00c0 direita, encontra-se a Nebulosa da \u00c1guia (M16) com o seu n\u00facleo brilhante e pilares escuros; \u00e0 esquerda, a Nebulosa do Cisne (M17) com uma densidade luminosa rasgada por veios de mat\u00e9ria escura. Todo o campo est\u00e1 interligado por t\u00e9nues nuvens de hidrog\u00e9nio e pontilhado por milhares de estrelas n\u00edtidas de fundo.\" data-full=\"https:\/\/fragmentos.zabeleta.pt\/wp-content\/uploads\/2026\/07\/M16_M17_20260618.jpg\" title=\"M16_M17_20260618\" crop=\"\" width=\"300\" height=\"169\" src=\"https:\/\/fragmentos.zabeleta.pt\/wp-content\/uploads\/2026\/07\/M16_M17_20260618-300x169.jpg\" data-src=\"https:\/\/fragmentos.zabeleta.pt\/wp-content\/uploads\/2026\/07\/M16_M17_20260618-300x169.jpg\" data-caption=\"A \u00c1guia e o Cisne &lt;br&gt;&lt;small&gt;&lt;i&gt;Os Altares Interligados&lt;\/i&gt;&lt;\/small&gt;\" srcset=\"https:\/\/fragmentos.zabeleta.pt\/wp-content\/uploads\/2026\/07\/M16_M17_20260618-scaled.jpg 2133w, https:\/\/fragmentos.zabeleta.pt\/wp-content\/uploads\/2026\/07\/M16_M17_20260618-scaled-300x169.jpg 300w, https:\/\/fragmentos.zabeleta.pt\/wp-content\/uploads\/2026\/07\/M16_M17_20260618-1024x576.jpg 1024w, https:\/\/fragmentos.zabeleta.pt\/wp-content\/uploads\/2026\/07\/M16_M17_20260618-768x432.jpg 768w, https:\/\/fragmentos.zabeleta.pt\/wp-content\/uploads\/2026\/07\/M16_M17_20260618-1536x864.jpg 1536w, https:\/\/fragmentos.zabeleta.pt\/wp-content\/uploads\/2026\/07\/M16_M17_20260618-2048x1152.jpg 2048w\" sizes=\"auto, (max-width: 300px) 100vw, 300px\" \/>\n\t\t<div class=\"figc\">\n\t\t\t<div class=\"figc-inner\">\n\t\t\t\t\t\t\t\t\t\t\t\t\t<div class=\"jtg-description\">A \u00c1guia e o Cisne <br><small><i>Os Altares Interligados<\/i><\/small><\/div>\n\t\t\t\t\t\t\t\t\t\t\t<\/div>\n\t\t<\/div>\n\n\t<\/div>\n\n<\/div>\t\t\n\t<\/div>\n\n\t\n\t\n\t<script type=\"application\/ld+json\">\n\t{\n\t\t\"@context\": \"https:\/\/schema.org\",\n\t\t\"@type\"   : \"ImageGallery\",\n\t\t\"id\"      : \"https:\/\/fragmentos.zabeleta.pt\/?p=307\/#modula-gallery-306\",\n\t\t\"url\"     : \"https:\/\/fragmentos.zabeleta.pt\/?p=307\/\"\n\t}\n\n\t<\/script>\n\n\t\n<\/div>\n","protected":false},"excerpt":{"rendered":"<p>O cosmos n\u00e3o reconhece as nossas fronteiras, n\u00e3o \u00e9 um museu de pe\u00e7as soltas. Um mergulho no vasto p\u00e9lago de Sagit\u00e1rio, onde a Nebulosa da \u00c1guia e a Nebulosa do Cisne revelam n\u00e3o serem ilhas isoladas, mas sim dois grandiosos altares de fogo unidos pelo mesmo rio de Prima Mat\u00e9ria. Na vastid\u00e3o rica e congestionada do bra\u00e7o de Sagit\u00e1rio, o Punctum abriu os olhos para registar esta prova de uni\u00e3o. O que a lente captou n\u00e3o foram dois objectos distintos, mas dois altares de fogo erguidos sobre a mesma funda\u00e7\u00e3o.<\/p>\n","protected":false},"author":1,"featured_media":305,"comment_status":"open","ping_status":"closed","sticky":false,"template":"","format":"standard","meta":{"footnotes":""},"categories":[9],"tags":[],"class_list":["post-307","post","type-post","status-publish","format-standard","has-post-thumbnail","hentry","category-materia"],"jetpack_featured_media_url":"https:\/\/fragmentos.zabeleta.pt\/wp-content\/uploads\/2026\/07\/M16_M17_20260618-scaled.jpg","_links":{"self":[{"href":"https:\/\/fragmentos.zabeleta.pt\/index.php?rest_route=\/wp\/v2\/posts\/307","targetHints":{"allow":["GET"]}}],"collection":[{"href":"https:\/\/fragmentos.zabeleta.pt\/index.php?rest_route=\/wp\/v2\/posts"}],"about":[{"href":"https:\/\/fragmentos.zabeleta.pt\/index.php?rest_route=\/wp\/v2\/types\/post"}],"author":[{"embeddable":true,"href":"https:\/\/fragmentos.zabeleta.pt\/index.php?rest_route=\/wp\/v2\/users\/1"}],"replies":[{"embeddable":true,"href":"https:\/\/fragmentos.zabeleta.pt\/index.php?rest_route=%2Fwp%2Fv2%2Fcomments&post=307"}],"version-history":[{"count":3,"href":"https:\/\/fragmentos.zabeleta.pt\/index.php?rest_route=\/wp\/v2\/posts\/307\/revisions"}],"predecessor-version":[{"id":314,"href":"https:\/\/fragmentos.zabeleta.pt\/index.php?rest_route=\/wp\/v2\/posts\/307\/revisions\/314"}],"wp:featuredmedia":[{"embeddable":true,"href":"https:\/\/fragmentos.zabeleta.pt\/index.php?rest_route=\/wp\/v2\/media\/305"}],"wp:attachment":[{"href":"https:\/\/fragmentos.zabeleta.pt\/index.php?rest_route=%2Fwp%2Fv2%2Fmedia&parent=307"}],"wp:term":[{"taxonomy":"category","embeddable":true,"href":"https:\/\/fragmentos.zabeleta.pt\/index.php?rest_route=%2Fwp%2Fv2%2Fcategories&post=307"},{"taxonomy":"post_tag","embeddable":true,"href":"https:\/\/fragmentos.zabeleta.pt\/index.php?rest_route=%2Fwp%2Fv2%2Ftags&post=307"}],"curies":[{"name":"wp","href":"https:\/\/api.w.org\/{rel}","templated":true}]}}