{"id":311,"date":"2026-06-27T22:00:00","date_gmt":"2026-06-27T22:00:00","guid":{"rendered":"https:\/\/fragmentos.zabeleta.pt\/?p=311"},"modified":"2026-07-09T09:31:38","modified_gmt":"2026-07-09T09:31:38","slug":"a-lagoa-primordial","status":"publish","type":"post","link":"https:\/\/fragmentos.zabeleta.pt\/?p=311","title":{"rendered":"A Lagoa Primordial"},"content":{"rendered":"\n<p class=\"wp-block-paragraph\">Quando invocamos a imagem de uma lagoa, a mente humana desenha instintivamente um ref\u00fagio de \u00e1guas pl\u00e1cidas e silenciosas. Contudo, no cora\u00e7\u00e3o da constela\u00e7\u00e3o de Sagit\u00e1rio, a linguagem do cosmos inverte os nossos arqu\u00e9tipos. Messier 8 n\u00e3o \u00e9 um remanso; \u00e9 um mar de fogo em ebuli\u00e7\u00e3o, atravessado por um canal de trevas profundas. \u00c9 uma bacia monumental onde a arquitectura do caos primordial se exibe com uma clareza assustadora.<\/p>\n\n\n\n<p class=\"wp-block-paragraph\">Esta capta\u00e7\u00e3o, exigindo quatro noites de vig\u00edlia cont\u00ednua, foi realizada atrav\u00e9s de uma abordagem purista: abdicou-se da separa\u00e7\u00e3o cir\u00fargica das estrelas, deixando que a radia\u00e7\u00e3o do filtro de banda dupla inundasse o sensor na sua totalidade. O resultado \u00e9 org\u00e2nico e visceral. Uma tempestade de hidrog\u00e9nio avermelhado onde o g\u00e1s e a poeira lutam pelo dom\u00ednio do espa\u00e7o, sem a interven\u00e7\u00e3o artificial que domaria a f\u00faria da mat\u00e9ria.<\/p>\n\n\n\n<p class=\"wp-block-paragraph\">O olhar \u00e9 inevitavelmente sugado para a fornalha central. No n\u00facleo de M8 brilha uma estrutura incandescente rasgada por colossos estelares rec\u00e9m-nascidos, de uma ferocidade incalcul\u00e1vel. Estes tit\u00e3s radiantes despejam torrentes de radia\u00e7\u00e3o ultravioleta, devorando as paredes do seu pr\u00f3prio ber\u00e7o e esculpindo o g\u00e1s numa rede de tornados e filamentos. Flutuando neste inferno luminoso, a objectiva revela densos gl\u00f3bulos de poeira escura. N\u00e3o s\u00e3o falhas na luz nem o vazio do espa\u00e7o; s\u00e3o os chamados &#8220;Gl\u00f3bulos de Bok&#8221;, casulos herm\u00e9ticos, verdadeiros \u00fateros encoura\u00e7ados onde uma nova gera\u00e7\u00e3o de estrelas aguarda, protegida da tempestade exterior at\u00e9 ao momento exacto da sua igni\u00e7\u00e3o.<\/p>\n\n\n\n<p class=\"wp-block-paragraph\">Contudo, o que d\u00e1 o nome a este objecto \u00e9 a formid\u00e1vel cicatriz escura que o atravessa, um rio de mat\u00e9ria fria e opaca, t\u00e3o espessa que engole a claridade e divide o inc\u00eandio c\u00f3smico em duas margens cintilantes.<\/p>\n\n\n\n<p class=\"wp-block-paragraph\">Como um sussurro complementar \u00e0 grandeza deste campo, a lente do <em>Punctum<\/em> reteve ainda, no quadrante superior esquerdo, a fr\u00e1gil e complexa presen\u00e7a de Messier 20, a Nebulosa da Tr\u00edfida. Ela paira como uma ilha solit\u00e1ria, exibindo o seu v\u00e9u misto de emiss\u00e3o rubra e reflex\u00e3o azul, perfeitamente fendida pelas tr\u00eas linhas de poeira que lhe conferem o nome. Uma representa\u00e7\u00e3o celestial perfeita da tr\u00edade alqu\u00edmica (o Enxofre, o Merc\u00fario e o Sal) a testemunhar, em sil\u00eancio, o turbilh\u00e3o da grande Lagoa.<\/p>\n\n\n\n<p class=\"has-text-align-center wp-block-paragraph\" style=\"line-height:4\">*\u00a0\u00a0\u00a0*\u00a0\u00a0\u00a0*<\/p>\n\n\n\n<p class=\"wp-block-paragraph\">A Astrologia Velada ensina-nos que Sagit\u00e1rio \u00e9 o Centauro, o buscador incans\u00e1vel que aponta a sua seta directamente para o n\u00facleo da nossa gal\u00e1xia, a fonte de toda a emana\u00e7\u00e3o. O Centauro \u00e9 a criatura de fronteira, encarnando o tr\u00e2nsito perp\u00e9tuo entre a nossa natureza instintiva, pesada e tel\u00farica, e a nossa vontade divina, apontada \u00e0s estrelas.<\/p>\n\n\n\n<p class=\"wp-block-paragraph\">Messier 8, situada exactamente nessa direc\u00e7\u00e3o sagrada, espelha essa mesma dualidade intr\u00ednseca. O inc\u00eandio ultravioleta e o sil\u00eancio abissal do canal de poeira coexistem no mesmo tecido, indissoci\u00e1veis.<\/p>\n\n\n\n<p class=\"wp-block-paragraph\">A grande faixa negra que rasga a nebulosa n\u00e3o \u00e9 um erro ou uma mancha, mas o pr\u00f3prio Caminho que o iniciado deve atravessar. A Lagoa Primordial adverte-nos que a Busca nunca \u00e9 um percurso linear, feito apenas de esclarecimento e gl\u00f3ria. Para atingir o n\u00facleo radiante, o Buscador \u00e9 obrigado a navegar as \u00e1guas densas e obscuras da sua pr\u00f3pria mat\u00e9ria, suportando o peso e a resist\u00eancia da sua pr\u00f3pria mortalidade.<\/p>\n\n\n\n<p class=\"wp-block-paragraph\">M8 ensina-nos, de forma visual e implac\u00e1vel, a suprema li\u00e7\u00e3o da integra\u00e7\u00e3o: a luz e a sombra n\u00e3o s\u00e3o for\u00e7as inimigas a destruir-se num campo de batalha, mas sim as duas margens fundamentais do mesmo rio alqu\u00edmico, trabalhando juntas para forjar a vida.<\/p>\n\n\n\n<div style=\"height:30px\" aria-hidden=\"true\" class=\"wp-block-spacer\"><\/div>\n\n\n\n<p class=\"has-contrast-2-color has-text-color has-link-color has-small-font-size wp-elements-1 wp-block-paragraph\"><em>Registo efectuado a 19, 20, 26 e 27 de Junho de 2026, a partir do Umbral de Brogueira.<\/em><\/p>\n\n\n<div  id=\"jtg-310\" class=\"modula modula-gallery modula-columns\" data-config=\"{&quot;tabletHeight&quot;:800,&quot;mobileHeight&quot;:800,&quot;desktopHeight&quot;:800,&quot;enableTwitter&quot;:false,&quot;enableWhatsapp&quot;:false,&quot;enableFacebook&quot;:false,&quot;enablePinterest&quot;:false,&quot;enableLinkedin&quot;:false,&quot;enableEmail&quot;:false,&quot;randomFactor&quot;:0.5,&quot;type&quot;:&quot;grid&quot;,&quot;columns&quot;:12,&quot;gutter&quot;:10,&quot;mobileGutter&quot;:10,&quot;tabletGutter&quot;:10,&quot;desktopGutter&quot;:10,&quot;enableResponsive&quot;:true,&quot;tabletColumns&quot;:2,&quot;mobileColumns&quot;:1,&quot;lazyLoad&quot;:0,&quot;lightboxOpts&quot;:{&quot;animated&quot;:true,&quot;Thumbs&quot;:{&quot;type&quot;:&quot;modern&quot;,&quot;showOnStart&quot;:false},&quot;Toolbar&quot;:{&quot;display&quot;:{&quot;right&quot;:[&quot;close&quot;]},&quot;enabled&quot;:true},&quot;Carousel&quot;:{&quot;Panzoom&quot;:{&quot;touch&quot;:true},&quot;infinite&quot;:false},&quot;keyboard&quot;:{&quot;Escape&quot;:&quot;close&quot;,&quot;Delete&quot;:&quot;close&quot;,&quot;Backspace&quot;:&quot;close&quot;,&quot;PageUp&quot;:&quot;next&quot;,&quot;PageDown&quot;:&quot;prev&quot;,&quot;ArrowUp&quot;:&quot;prev&quot;,&quot;ArrowDown&quot;:&quot;next&quot;,&quot;ArrowRight&quot;:&quot;next&quot;,&quot;ArrowLeft&quot;:&quot;prev&quot;},&quot;wheel&quot;:&quot;slide&quot;,&quot;touch&quot;:true,&quot;backdropClick&quot;:&quot;close&quot;,&quot;l10n&quot;:{&quot;CLOSE&quot;:&quot;Close&quot;,&quot;NEXT&quot;:&quot;Next&quot;,&quot;PREV&quot;:&quot;Previous&quot;,&quot;Error&quot;:&quot;The requested content cannot be loaded. Please try again later.&quot;,&quot;PLAY_START&quot;:&quot;Start slideshow&quot;,&quot;PLAY_STOP&quot;:&quot;Pause slideshow&quot;,&quot;FULL_SCREEN&quot;:&quot;Full screen&quot;,&quot;THUMBS&quot;:&quot;Thumbnails&quot;,&quot;DOWNLOAD&quot;:&quot;Download&quot;,&quot;SHARE&quot;:&quot;Share&quot;,&quot;ZOOM&quot;:&quot;Zoom&quot;,&quot;EMAIL&quot;:&quot;Here is the link to the image : %%image_link%% and this is the link to the gallery : %%gallery_link%%&quot;,&quot;MODAL&quot;:&quot;You can close this modal content with the ESC key&quot;,&quot;ERROR&quot;:&quot;Something Went Wrong, Please Try Again Later&quot;,&quot;IMAGE_ERROR&quot;:&quot;Image Not Found&quot;,&quot;ELEMENT_NOT_FOUND&quot;:&quot;HTML Element Not Found&quot;,&quot;AJAX_NOT_FOUND&quot;:&quot;Error Loading AJAX : Not Found&quot;,&quot;AJAX_FORBIDDEN&quot;:&quot;Error Loading AJAX : Forbidden&quot;,&quot;IFRAME_ERROR&quot;:&quot;Error Loading Page&quot;,&quot;TOGGLE_ZOOM&quot;:&quot;Toggle zoom level&quot;,&quot;TOGGLE_THUMBS&quot;:&quot;Toggle thumbnails&quot;,&quot;TOGGLE_SLIDESHOW&quot;:&quot;Toggle slideshow&quot;,&quot;TOGGLE_FULLSCREEN&quot;:&quot;Toggle full-screen mode&quot;},&quot;Images&quot;:{&quot;Panzoom&quot;:{&quot;maxScale&quot;:2}},&quot;mainClass&quot;:&quot;modula-fancybox-container modula-lightbox-jtg-310&quot;,&quot;Html&quot;:{&quot;videoAutoplay&quot;:0,&quot;videoTpl&quot;:&quot;&lt;video class=\\&quot;fancybox__html5video\\&quot; controls muted playsinline controlsList controlsList=\\&quot;nodownload\\&quot; poster=\\&quot;{{poster}}\\&quot; src=\\&quot;{{src}}\\&quot; type=\\&quot;{{format}}\\&quot; &gt;  Sorry, your browser doesn&#039;t support embedded videos, &lt;a href=\\&quot;{{src}}\\&quot;&gt; download &lt;\\\/a&gt; and watch with your favorite video player! &lt;\\\/video&gt;&quot;}},&quot;inView&quot;:false,&quot;email_subject&quot;:&quot;Check out this awesome image !!&quot;,&quot;email_message&quot;:&quot;Here is the link to the image : %%image_link%% and this is the link to the gallery : %%gallery_link%%&quot;,&quot;grid_type&quot;:&quot;automatic&quot;,&quot;rowHeight&quot;:250,&quot;lastRow&quot;:&quot;justify&quot;,&quot;lightbox&quot;:&quot;fancybox&quot;,&quot;lightbox_devices&quot;:&quot;both&quot;}\">\n\n\t\n\t<div  class=\"modula-items grid-gallery\">\n\t\t<div class=\"modula-item effect-pufrobo\" >\n\t<div class=\"modula-item-overlay\"><\/div>\n\n\t<div class=\"modula-item-content\">\n\n\t\t<a data-image-id=\"309\" role=\"button\" tabindex=\"0\" rel=\"jtg-310\" data-caption=\"A Lagoa Primordial &lt;br&gt;&lt;small&gt;&lt;i&gt;O Canal das Trevas&lt;\/i&gt;&lt;\/small&gt;\" aria-label=\"Open image in lightbox\" class=\"tile-inner modula-item-link\"><\/a><img loading=\"lazy\" decoding=\"async\" class=\"pic wp-image-309\"  data-valign=\"middle\" data-halign=\"center\" alt=\"Fotografia astron\u00f3mica de campo amplo destacando a Nebulosa da Lagoa (M8) ao centro, uma colossal nuvem de g\u00e1s vermelho incandescente rasgada ao meio por uma espessa faixa de poeira c\u00f3smica escura. \u00c0 esquerda, observa-se uma nebulosa secund\u00e1ria de menor dimens\u00e3o, exibindo tonalidades mistas de azul e vermelho (Nebulosa da Tr\u00edfida, M20). Todo o campo encontra-se submerso numa vasta e t\u00e9nue nebulosidade de fundo, intensamente pontilhado por milhares de estrelas.\" data-full=\"https:\/\/fragmentos.zabeleta.pt\/wp-content\/uploads\/2026\/07\/M8_20260627.jpg\" title=\"M8_20260627\" crop=\"\" width=\"300\" height=\"169\" src=\"https:\/\/fragmentos.zabeleta.pt\/wp-content\/uploads\/2026\/07\/M8_20260627-300x169.jpg\" data-src=\"https:\/\/fragmentos.zabeleta.pt\/wp-content\/uploads\/2026\/07\/M8_20260627-300x169.jpg\" data-caption=\"A Lagoa Primordial &lt;br&gt;&lt;small&gt;&lt;i&gt;O Canal das Trevas&lt;\/i&gt;&lt;\/small&gt;\" srcset=\"https:\/\/fragmentos.zabeleta.pt\/wp-content\/uploads\/2026\/07\/M8_20260627-scaled.jpg 2133w, https:\/\/fragmentos.zabeleta.pt\/wp-content\/uploads\/2026\/07\/M8_20260627-scaled-300x169.jpg 300w, https:\/\/fragmentos.zabeleta.pt\/wp-content\/uploads\/2026\/07\/M8_20260627-1024x576.jpg 1024w, https:\/\/fragmentos.zabeleta.pt\/wp-content\/uploads\/2026\/07\/M8_20260627-768x432.jpg 768w, https:\/\/fragmentos.zabeleta.pt\/wp-content\/uploads\/2026\/07\/M8_20260627-1536x864.jpg 1536w, https:\/\/fragmentos.zabeleta.pt\/wp-content\/uploads\/2026\/07\/M8_20260627-2048x1152.jpg 2048w\" sizes=\"auto, (max-width: 300px) 100vw, 300px\" \/>\n\t\t<div class=\"figc\">\n\t\t\t<div class=\"figc-inner\">\n\t\t\t\t\t\t\t\t\t\t\t\t\t<div class=\"jtg-description\">A Lagoa Primordial <br><small><i>O Canal das Trevas<\/i><\/small><\/div>\n\t\t\t\t\t\t\t\t\t\t\t<\/div>\n\t\t<\/div>\n\n\t<\/div>\n\n<\/div>\t\t\n\t<\/div>\n\n\t\n\t\n\t<script type=\"application\/ld+json\">\n\t{\n\t\t\"@context\": \"https:\/\/schema.org\",\n\t\t\"@type\"   : \"ImageGallery\",\n\t\t\"id\"      : \"https:\/\/fragmentos.zabeleta.pt\/?p=311\/#modula-gallery-310\",\n\t\t\"url\"     : \"https:\/\/fragmentos.zabeleta.pt\/?p=311\/\"\n\t}\n\n\t<\/script>\n\n\t\n<\/div>\n","protected":false},"excerpt":{"rendered":"<p>Quando invocamos uma lagoa, imaginamos \u00e1guas pl\u00e1cidas. Mas no cora\u00e7\u00e3o de Sagit\u00e1rio, o cosmos inverte os nossos s\u00edmbolos. Um mergulho visceral em Messier 8, um mar de fogo em ebuli\u00e7\u00e3o atravessado por um rio de poeira opaca, lembrando-nos que a Busca exige, inevitavelmente, navegar pelas nossas pr\u00f3prias trevas. Esta capta\u00e7\u00e3o, exigindo quatro noites de vig\u00edlia cont\u00ednua, foi realizada atrav\u00e9s de uma abordagem purista: abdicou-se da separa\u00e7\u00e3o cir\u00fargica das estrelas, deixando que a radia\u00e7\u00e3o do filtro de banda dupla inundasse o sensor na sua totalidade.<\/p>\n","protected":false},"author":1,"featured_media":309,"comment_status":"open","ping_status":"closed","sticky":false,"template":"","format":"standard","meta":{"footnotes":""},"categories":[9],"tags":[],"class_list":["post-311","post","type-post","status-publish","format-standard","has-post-thumbnail","hentry","category-materia"],"jetpack_featured_media_url":"https:\/\/fragmentos.zabeleta.pt\/wp-content\/uploads\/2026\/07\/M8_20260627-scaled.jpg","_links":{"self":[{"href":"https:\/\/fragmentos.zabeleta.pt\/index.php?rest_route=\/wp\/v2\/posts\/311","targetHints":{"allow":["GET"]}}],"collection":[{"href":"https:\/\/fragmentos.zabeleta.pt\/index.php?rest_route=\/wp\/v2\/posts"}],"about":[{"href":"https:\/\/fragmentos.zabeleta.pt\/index.php?rest_route=\/wp\/v2\/types\/post"}],"author":[{"embeddable":true,"href":"https:\/\/fragmentos.zabeleta.pt\/index.php?rest_route=\/wp\/v2\/users\/1"}],"replies":[{"embeddable":true,"href":"https:\/\/fragmentos.zabeleta.pt\/index.php?rest_route=%2Fwp%2Fv2%2Fcomments&post=311"}],"version-history":[{"count":3,"href":"https:\/\/fragmentos.zabeleta.pt\/index.php?rest_route=\/wp\/v2\/posts\/311\/revisions"}],"predecessor-version":[{"id":316,"href":"https:\/\/fragmentos.zabeleta.pt\/index.php?rest_route=\/wp\/v2\/posts\/311\/revisions\/316"}],"wp:featuredmedia":[{"embeddable":true,"href":"https:\/\/fragmentos.zabeleta.pt\/index.php?rest_route=\/wp\/v2\/media\/309"}],"wp:attachment":[{"href":"https:\/\/fragmentos.zabeleta.pt\/index.php?rest_route=%2Fwp%2Fv2%2Fmedia&parent=311"}],"wp:term":[{"taxonomy":"category","embeddable":true,"href":"https:\/\/fragmentos.zabeleta.pt\/index.php?rest_route=%2Fwp%2Fv2%2Fcategories&post=311"},{"taxonomy":"post_tag","embeddable":true,"href":"https:\/\/fragmentos.zabeleta.pt\/index.php?rest_route=%2Fwp%2Fv2%2Ftags&post=311"}],"curies":[{"name":"wp","href":"https:\/\/api.w.org\/{rel}","templated":true}]}}