{"id":327,"date":"2026-07-01T22:00:00","date_gmt":"2026-07-01T22:00:00","guid":{"rendered":"https:\/\/fragmentos.zabeleta.pt\/?p=327"},"modified":"2026-07-26T18:57:26","modified_gmt":"2026-07-26T18:57:26","slug":"o-leao-alquimico","status":"publish","type":"post","link":"https:\/\/fragmentos.zabeleta.pt\/?p=327","title":{"rendered":"O Le\u00e3o Alqu\u00edmico"},"content":{"rendered":"\n<p class=\"wp-block-paragraph\">O firmamento n\u00e3o \u00e9 apenas um vasto reposit\u00f3rio de sil\u00eancio e poeira inerte; \u00e9, acima de tudo, o palco de f\u00farias ancestrais e contidas. Quando a objectiva rasga a aparente tranquilidade do breu nocturno, deparamo-nos frequentemente com entidades de luz que parecem desafiar a pr\u00f3pria in\u00e9rcia do v\u00e1cuo. Na fronteira difusa e densa entre as constela\u00e7\u00f5es de Cefeu e do Lagarto, longe dos olhares desatentos, a nossa lente reteve pacientemente, ao longo de quatro noites de vig\u00edlia cont\u00ednua, o alento de uma dessas formid\u00e1veis feras c\u00f3smicas: a nebulosa catalogada cientificamente como SH2-132, a que os observadores mortais chamam a Nebulosa do Le\u00e3o.<\/p>\n\n\n\n<p class=\"wp-block-paragraph\">Esta capta\u00e7\u00e3o, executada na sua totalidade sob a estrita vigil\u00e2ncia do filtro de banda dupla, revela com uma precis\u00e3o cir\u00fargica a anatomia oculta de um verdadeiro predador estelar. N\u00e3o estamos perante uma forja unidimensional ou um ber\u00e7\u00e1rio sereno, mas sim perante um colossal campo de batalha crom\u00e1tico onde dois elementos primordiais se debatem perpetuamente. O ventre e as mand\u00edbulas da besta ardem num vermelho visceral, denso e violento, trata-se do hidrog\u00e9nio incandescente, fustigado, varrido e esculpido pelos ventos solares e pela radia\u00e7\u00e3o implac\u00e1vel das gigantes azuis e das ferozes estrelas do tipo Wolf-Rayet que habitam e aterrorizam o seu n\u00facleo. Estas estrelas tit\u00e2nicas, donas de uma massa colossal e de vidas ef\u00e9meras, sopram a mat\u00e9ria circundante para o abismo, moldando, no seu processo de agonia, a espinha dorsal deste le\u00e3o de fogo.<\/p>\n\n\n\n<p class=\"wp-block-paragraph\">No entanto, o que confere a este alvo a sua assinatura verdadeiramente magistral n\u00e3o \u00e9 a brutalidade do fogo, mas a sua coroa. A juba que se desfaz e se estende pelo espa\u00e7o adjacente assume uma tonalidade et\u00e9rea, um azul anil quase fantasmag\u00f3rico. \u00c9 a presen\u00e7a inconfund\u00edvel do oxig\u00e9nio duplamente ionizado, uma neblina fria e di\u00e1fana que envolve e arrefece o calor abrasador do centro, criando a ilus\u00e3o perfeita de uma respira\u00e7\u00e3o cristalina que se expande, num suspiro intermin\u00e1vel, pelo v\u00e1cuo escuro. A besta c\u00f3smica n\u00e3o apenas arde nas suas pr\u00f3prias entranhas; ela respira, projectando o seu alento azulado sobre o denso mar de estrelas que a emolduram.<\/p>\n\n\n\n<p class=\"has-text-align-center wp-block-paragraph\" style=\"line-height:4\">*   *   *<\/p>\n\n\n\n<p class=\"wp-block-paragraph\">Na Tradi\u00e7\u00e3o Velada, o Le\u00e3o Vermelho ergue-se como um dos s\u00edmbolos supremos e mais temidos da Arte Alqu\u00edmica. Ele representa a <em>Prima Mat\u00e9ria<\/em> na sua fase de m\u00e1xima exalta\u00e7\u00e3o, a for\u00e7a impositiva e activa, o enxofre filos\u00f3fico que tem de ser, inevitavelmente, domado, cozido e purificado pelo fogo interior. Ele \u00e9 o instinto bruto e criador, a vontade soberana e inflamada que consome impiedosamente tudo o que \u00e9 passivo e let\u00e1rgico. O iniciado que cruza o caminho do Le\u00e3o sabe que ter\u00e1 de enfrentar a ferocidade das suas pr\u00f3prias paix\u00f5es antes de alcan\u00e7ar qualquer vislumbre de clarivid\u00eancia.<\/p>\n\n\n\n<p class=\"wp-block-paragraph\">Mas a imponente presen\u00e7a do azul oxigenado nesta fenda c\u00f3smica ensina-nos, pela via da luz, o princ\u00edpio fundamental do equil\u00edbrio herm\u00e9tico. Se a Grande Obra fosse feita exclusivamente pelo fogo devorador e impulsivo, a mat\u00e9ria acabaria por se extinguir na sua pr\u00f3pria e cega voracidade. A coroa anil que paira sobre a fera encarna a \u00e1gua celestial, o merc\u00fario filos\u00f3fico e purificador que arrefece, cont\u00e9m, nutre e concede a verdadeira forma ao \u00edmpeto destrutivo do le\u00e3o. \u00c9 o casamento necess\u00e1rio, profundo e silencioso, da paix\u00e3o mais violenta com a sabedoria mais serena.<\/p>\n\n\n\n<p class=\"wp-block-paragraph\">Este Fragmento resgatado do cosmos recorda-nos, assim, que a verdadeira for\u00e7a do esp\u00edrito n\u00e3o reside na combust\u00e3o ca\u00f3tica e descontrolada, mas na capacidade superior de sustentar e harmonizar a dualidade. O Le\u00e3o C\u00f3smico de Cefeu permanece suspenso no \u00e9ter negro, o seu rugido silencioso eternizado na pel\u00edcula da luz, provando de forma inquestion\u00e1vel que o acto de cria\u00e7\u00e3o mais majestoso exige, em absoluta simultaneidade, o fogo implac\u00e1vel que destr\u00f3i as velhas pris\u00f5es da forma e o sopro subtil que pacifica e consolida o esp\u00edrito finalmente renascido.<\/p>\n\n\n\n<div style=\"height:30px\" aria-hidden=\"true\" class=\"wp-block-spacer\"><\/div>\n\n\n\n<p class=\"has-small-font-size wp-block-paragraph\"><em>Registo efectuado a 28, 29 e 30 de Junho, e 1 de Julho de 2026, a partir do Umbral de Brogueira.<\/em><\/p>\n\n\n<div  id=\"jtg-326\" class=\"modula modula-gallery modula-columns\" data-config=\"{&quot;tabletHeight&quot;:800,&quot;mobileHeight&quot;:800,&quot;desktopHeight&quot;:800,&quot;enableTwitter&quot;:false,&quot;enableWhatsapp&quot;:false,&quot;enableFacebook&quot;:false,&quot;enablePinterest&quot;:false,&quot;enableLinkedin&quot;:false,&quot;enableEmail&quot;:false,&quot;randomFactor&quot;:0.5,&quot;type&quot;:&quot;grid&quot;,&quot;columns&quot;:12,&quot;gutter&quot;:10,&quot;mobileGutter&quot;:10,&quot;tabletGutter&quot;:10,&quot;desktopGutter&quot;:10,&quot;enableResponsive&quot;:true,&quot;tabletColumns&quot;:2,&quot;mobileColumns&quot;:1,&quot;lazyLoad&quot;:0,&quot;lightboxOpts&quot;:{&quot;animated&quot;:true,&quot;Thumbs&quot;:{&quot;type&quot;:&quot;modern&quot;,&quot;showOnStart&quot;:false},&quot;Toolbar&quot;:{&quot;display&quot;:{&quot;right&quot;:[&quot;close&quot;]},&quot;enabled&quot;:true},&quot;Carousel&quot;:{&quot;Panzoom&quot;:{&quot;touch&quot;:true},&quot;infinite&quot;:false},&quot;keyboard&quot;:{&quot;Escape&quot;:&quot;close&quot;,&quot;Delete&quot;:&quot;close&quot;,&quot;Backspace&quot;:&quot;close&quot;,&quot;PageUp&quot;:&quot;next&quot;,&quot;PageDown&quot;:&quot;prev&quot;,&quot;ArrowUp&quot;:&quot;prev&quot;,&quot;ArrowDown&quot;:&quot;next&quot;,&quot;ArrowRight&quot;:&quot;next&quot;,&quot;ArrowLeft&quot;:&quot;prev&quot;},&quot;wheel&quot;:&quot;slide&quot;,&quot;touch&quot;:true,&quot;backdropClick&quot;:&quot;close&quot;,&quot;l10n&quot;:{&quot;CLOSE&quot;:&quot;Close&quot;,&quot;NEXT&quot;:&quot;Next&quot;,&quot;PREV&quot;:&quot;Previous&quot;,&quot;Error&quot;:&quot;The requested content cannot be loaded. Please try again later.&quot;,&quot;PLAY_START&quot;:&quot;Start slideshow&quot;,&quot;PLAY_STOP&quot;:&quot;Pause slideshow&quot;,&quot;FULL_SCREEN&quot;:&quot;Full screen&quot;,&quot;THUMBS&quot;:&quot;Thumbnails&quot;,&quot;DOWNLOAD&quot;:&quot;Download&quot;,&quot;SHARE&quot;:&quot;Share&quot;,&quot;ZOOM&quot;:&quot;Zoom&quot;,&quot;EMAIL&quot;:&quot;Here is the link to the image : %%image_link%% and this is the link to the gallery : %%gallery_link%%&quot;,&quot;MODAL&quot;:&quot;You can close this modal content with the ESC key&quot;,&quot;ERROR&quot;:&quot;Something Went Wrong, Please Try Again Later&quot;,&quot;IMAGE_ERROR&quot;:&quot;Image Not Found&quot;,&quot;ELEMENT_NOT_FOUND&quot;:&quot;HTML Element Not Found&quot;,&quot;AJAX_NOT_FOUND&quot;:&quot;Error Loading AJAX : Not Found&quot;,&quot;AJAX_FORBIDDEN&quot;:&quot;Error Loading AJAX : Forbidden&quot;,&quot;IFRAME_ERROR&quot;:&quot;Error Loading Page&quot;,&quot;TOGGLE_ZOOM&quot;:&quot;Toggle zoom level&quot;,&quot;TOGGLE_THUMBS&quot;:&quot;Toggle thumbnails&quot;,&quot;TOGGLE_SLIDESHOW&quot;:&quot;Toggle slideshow&quot;,&quot;TOGGLE_FULLSCREEN&quot;:&quot;Toggle full-screen mode&quot;},&quot;Images&quot;:{&quot;Panzoom&quot;:{&quot;maxScale&quot;:2}},&quot;mainClass&quot;:&quot;modula-fancybox-container modula-lightbox-jtg-326&quot;,&quot;Html&quot;:{&quot;videoAutoplay&quot;:0,&quot;videoTpl&quot;:&quot;&lt;video class=\\&quot;fancybox__html5video\\&quot; controls muted playsinline controlsList controlsList=\\&quot;nodownload\\&quot; poster=\\&quot;{{poster}}\\&quot; src=\\&quot;{{src}}\\&quot; type=\\&quot;{{format}}\\&quot; &gt;  Sorry, your browser doesn&#039;t support embedded videos, &lt;a href=\\&quot;{{src}}\\&quot;&gt; download &lt;\\\/a&gt; and watch with your favorite video player! &lt;\\\/video&gt;&quot;}},&quot;inView&quot;:false,&quot;email_subject&quot;:&quot;Check out this awesome image !!&quot;,&quot;email_message&quot;:&quot;Here is the link to the image : %%image_link%% and this is the link to the gallery : %%gallery_link%%&quot;,&quot;grid_type&quot;:&quot;automatic&quot;,&quot;rowHeight&quot;:250,&quot;lastRow&quot;:&quot;justify&quot;,&quot;lightbox&quot;:&quot;fancybox&quot;,&quot;lightbox_devices&quot;:&quot;both&quot;}\">\n\n\t\n\t<div  class=\"modula-items grid-gallery\">\n\t\t<div class=\"modula-item effect-pufrobo\" >\n\t<div class=\"modula-item-overlay\"><\/div>\n\n\t<div class=\"modula-item-content\">\n\n\t\t<a data-image-id=\"323\" role=\"button\" tabindex=\"0\" rel=\"jtg-326\" data-caption=\"O Le\u00e3o Alqu\u00edmico &lt;br&gt;&lt;small&gt;&lt;i&gt;O Rugido do \u00c9ter&lt;\/i&gt;&lt;\/small&gt;\" aria-label=\"Open image in lightbox\" class=\"tile-inner modula-item-link\"><\/a><img loading=\"lazy\" decoding=\"async\" class=\"pic wp-image-323\"  data-valign=\"middle\" data-halign=\"center\" alt=\"Fotografia astron\u00f3mica de campo amplo evidenciando a Nebulosa do Le\u00e3o (SH2-132). Destaca-se uma estrutura central brilhante e densa de tons vermelho rubro e rosa flamejante, que transita suavemente para uma expansa e difusa coroa de g\u00e1s azul anil no quadrante superior direito. O rico fundo negro do espa\u00e7o encontra-se texturado por subtis poeiras escuras e intensamente pontilhado por milhares de estrelas n\u00edtidas.\" data-full=\"https:\/\/fragmentos.zabeleta.pt\/wp-content\/uploads\/2026\/07\/SH2-132_20260701_v2.jpg\" title=\"SH2-132_20260701_v2\" crop=\"\" width=\"300\" height=\"169\" src=\"https:\/\/fragmentos.zabeleta.pt\/wp-content\/uploads\/2026\/07\/SH2-132_20260701_v2-300x169.jpg\" data-src=\"https:\/\/fragmentos.zabeleta.pt\/wp-content\/uploads\/2026\/07\/SH2-132_20260701_v2-300x169.jpg\" data-caption=\"O Le\u00e3o Alqu\u00edmico &lt;br&gt;&lt;small&gt;&lt;i&gt;O Rugido do \u00c9ter&lt;\/i&gt;&lt;\/small&gt;\" srcset=\"https:\/\/fragmentos.zabeleta.pt\/wp-content\/uploads\/2026\/07\/SH2-132_20260701_v2-scaled.jpg 2133w, https:\/\/fragmentos.zabeleta.pt\/wp-content\/uploads\/2026\/07\/SH2-132_20260701_v2-scaled-300x169.jpg 300w, https:\/\/fragmentos.zabeleta.pt\/wp-content\/uploads\/2026\/07\/SH2-132_20260701_v2-1024x576.jpg 1024w, https:\/\/fragmentos.zabeleta.pt\/wp-content\/uploads\/2026\/07\/SH2-132_20260701_v2-768x432.jpg 768w, https:\/\/fragmentos.zabeleta.pt\/wp-content\/uploads\/2026\/07\/SH2-132_20260701_v2-1536x864.jpg 1536w, https:\/\/fragmentos.zabeleta.pt\/wp-content\/uploads\/2026\/07\/SH2-132_20260701_v2-2048x1152.jpg 2048w\" sizes=\"auto, (max-width: 300px) 100vw, 300px\" \/>\n\t\t<div class=\"figc\">\n\t\t\t<div class=\"figc-inner\">\n\t\t\t\t\t\t\t\t\t\t\t\t\t<div class=\"jtg-description\">O Le\u00e3o Alqu\u00edmico <br><small><i>O Rugido do \u00c9ter<\/i><\/small><\/div>\n\t\t\t\t\t\t\t\t\t\t\t<\/div>\n\t\t<\/div>\n\n\t<\/div>\n\n<\/div><div class=\"modula-item effect-pufrobo\" >\n\t<div class=\"modula-item-overlay\"><\/div>\n\n\t<div class=\"modula-item-content\">\n\n\t\t<a data-image-id=\"324\" role=\"button\" tabindex=\"0\" rel=\"jtg-326\" data-caption=\"O Le\u00e3o Alqu\u00edmico &lt;br&gt;&lt;small&gt;&lt;i&gt;O Rugido do \u00c9ter&lt;\/i&gt;&lt;\/small&gt;\" aria-label=\"Open image in lightbox\" class=\"tile-inner modula-item-link\"><\/a><img loading=\"lazy\" decoding=\"async\" class=\"pic wp-image-324\"  data-valign=\"middle\" data-halign=\"center\" alt=\"Fotografia astron\u00f3mica de campo amplo evidenciando a Nebulosa do Le\u00e3o (SH2-132). Destaca-se uma estrutura central brilhante e densa de tons vermelho rubro e rosa flamejante, que transita suavemente para uma expansa e difusa coroa de g\u00e1s azul anil no quadrante superior direito. O rico fundo negro do espa\u00e7o encontra-se texturado por subtis poeiras escuras e intensamente pontilhado por milhares de estrelas n\u00edtidas.\" data-full=\"https:\/\/fragmentos.zabeleta.pt\/wp-content\/uploads\/2026\/07\/SH2-132_20260701_v3.jpg\" title=\"SH2-132_20260701_v3\" crop=\"\" width=\"300\" height=\"169\" src=\"https:\/\/fragmentos.zabeleta.pt\/wp-content\/uploads\/2026\/07\/SH2-132_20260701_v3-300x169.jpg\" data-src=\"https:\/\/fragmentos.zabeleta.pt\/wp-content\/uploads\/2026\/07\/SH2-132_20260701_v3-300x169.jpg\" data-caption=\"O Le\u00e3o Alqu\u00edmico &lt;br&gt;&lt;small&gt;&lt;i&gt;O Rugido do \u00c9ter&lt;\/i&gt;&lt;\/small&gt;\" srcset=\"https:\/\/fragmentos.zabeleta.pt\/wp-content\/uploads\/2026\/07\/SH2-132_20260701_v3-scaled.jpg 2133w, https:\/\/fragmentos.zabeleta.pt\/wp-content\/uploads\/2026\/07\/SH2-132_20260701_v3-scaled-300x169.jpg 300w, https:\/\/fragmentos.zabeleta.pt\/wp-content\/uploads\/2026\/07\/SH2-132_20260701_v3-1024x576.jpg 1024w, https:\/\/fragmentos.zabeleta.pt\/wp-content\/uploads\/2026\/07\/SH2-132_20260701_v3-768x432.jpg 768w, https:\/\/fragmentos.zabeleta.pt\/wp-content\/uploads\/2026\/07\/SH2-132_20260701_v3-1536x864.jpg 1536w, https:\/\/fragmentos.zabeleta.pt\/wp-content\/uploads\/2026\/07\/SH2-132_20260701_v3-2048x1152.jpg 2048w\" sizes=\"auto, (max-width: 300px) 100vw, 300px\" \/>\n\t\t<div class=\"figc\">\n\t\t\t<div class=\"figc-inner\">\n\t\t\t\t\t\t\t\t\t\t\t\t\t<div class=\"jtg-description\">O Le\u00e3o Alqu\u00edmico <br><small><i>O Rugido do \u00c9ter<\/i><\/small><\/div>\n\t\t\t\t\t\t\t\t\t\t\t<\/div>\n\t\t<\/div>\n\n\t<\/div>\n\n<\/div><div class=\"modula-item effect-pufrobo\" >\n\t<div class=\"modula-item-overlay\"><\/div>\n\n\t<div class=\"modula-item-content\">\n\n\t\t<a data-image-id=\"322\" role=\"button\" tabindex=\"0\" rel=\"jtg-326\" data-caption=\"O Le\u00e3o Alqu\u00edmico &lt;br&gt;&lt;small&gt;&lt;i&gt;O Rugido do \u00c9ter&lt;\/i&gt;&lt;\/small&gt;\" aria-label=\"Open image in lightbox\" class=\"tile-inner modula-item-link\"><\/a><img loading=\"lazy\" decoding=\"async\" class=\"pic wp-image-322\"  data-valign=\"middle\" data-halign=\"center\" alt=\"Fotografia astron\u00f3mica de campo amplo evidenciando a Nebulosa do Le\u00e3o (SH2-132). Destaca-se uma estrutura central brilhante e densa de tons vermelho rubro e rosa flamejante, que transita suavemente para uma expansa e difusa coroa de g\u00e1s azul anil no quadrante superior direito. O rico fundo negro do espa\u00e7o encontra-se texturado por subtis poeiras escuras e intensamente pontilhado por milhares de estrelas n\u00edtidas.\" data-full=\"https:\/\/fragmentos.zabeleta.pt\/wp-content\/uploads\/2026\/07\/SH2-132_20260701_v1.jpg\" title=\"SH2-132_20260701_v1\" crop=\"\" width=\"300\" height=\"169\" src=\"https:\/\/fragmentos.zabeleta.pt\/wp-content\/uploads\/2026\/07\/SH2-132_20260701_v1-300x169.jpg\" data-src=\"https:\/\/fragmentos.zabeleta.pt\/wp-content\/uploads\/2026\/07\/SH2-132_20260701_v1-300x169.jpg\" data-caption=\"O Le\u00e3o Alqu\u00edmico &lt;br&gt;&lt;small&gt;&lt;i&gt;O Rugido do \u00c9ter&lt;\/i&gt;&lt;\/small&gt;\" srcset=\"https:\/\/fragmentos.zabeleta.pt\/wp-content\/uploads\/2026\/07\/SH2-132_20260701_v1-scaled.jpg 2133w, https:\/\/fragmentos.zabeleta.pt\/wp-content\/uploads\/2026\/07\/SH2-132_20260701_v1-scaled-300x169.jpg 300w, https:\/\/fragmentos.zabeleta.pt\/wp-content\/uploads\/2026\/07\/SH2-132_20260701_v1-1024x576.jpg 1024w, https:\/\/fragmentos.zabeleta.pt\/wp-content\/uploads\/2026\/07\/SH2-132_20260701_v1-768x432.jpg 768w, https:\/\/fragmentos.zabeleta.pt\/wp-content\/uploads\/2026\/07\/SH2-132_20260701_v1-1536x864.jpg 1536w, https:\/\/fragmentos.zabeleta.pt\/wp-content\/uploads\/2026\/07\/SH2-132_20260701_v1-2048x1152.jpg 2048w\" sizes=\"auto, (max-width: 300px) 100vw, 300px\" \/>\n\t\t<div class=\"figc\">\n\t\t\t<div class=\"figc-inner\">\n\t\t\t\t\t\t\t\t\t\t\t\t\t<div class=\"jtg-description\">O Le\u00e3o Alqu\u00edmico <br><small><i>O Rugido do \u00c9ter<\/i><\/small><\/div>\n\t\t\t\t\t\t\t\t\t\t\t<\/div>\n\t\t<\/div>\n\n\t<\/div>\n\n<\/div><div class=\"modula-item effect-pufrobo\" >\n\t<div class=\"modula-item-overlay\"><\/div>\n\n\t<div class=\"modula-item-content\">\n\n\t\t<a data-image-id=\"325\" role=\"button\" tabindex=\"0\" rel=\"jtg-326\" data-caption=\"O Le\u00e3o Alqu\u00edmico &lt;br&gt;&lt;small&gt;&lt;i&gt;O Rugido do \u00c9ter&lt;\/i&gt;&lt;\/small&gt;\" aria-label=\"Open image in lightbox\" class=\"tile-inner modula-item-link\"><\/a><img loading=\"lazy\" decoding=\"async\" class=\"pic wp-image-325\"  data-valign=\"middle\" data-halign=\"center\" alt=\"Fotografia astron\u00f3mica de campo amplo evidenciando a Nebulosa do Le\u00e3o (SH2-132). Destaca-se uma estrutura central brilhante e densa de tons vermelho rubro e rosa flamejante, que transita suavemente para uma expansa e difusa coroa de g\u00e1s azul anil no quadrante superior direito. O rico fundo negro do espa\u00e7o encontra-se texturado por subtis poeiras escuras e intensamente pontilhado por milhares de estrelas n\u00edtidas.\" data-full=\"https:\/\/fragmentos.zabeleta.pt\/wp-content\/uploads\/2026\/07\/SH2-132_20260701_v4.jpg\" title=\"SH2-132_20260701_v4\" crop=\"\" width=\"300\" height=\"169\" src=\"https:\/\/fragmentos.zabeleta.pt\/wp-content\/uploads\/2026\/07\/SH2-132_20260701_v4-300x169.jpg\" data-src=\"https:\/\/fragmentos.zabeleta.pt\/wp-content\/uploads\/2026\/07\/SH2-132_20260701_v4-300x169.jpg\" data-caption=\"O Le\u00e3o Alqu\u00edmico &lt;br&gt;&lt;small&gt;&lt;i&gt;O Rugido do \u00c9ter&lt;\/i&gt;&lt;\/small&gt;\" srcset=\"https:\/\/fragmentos.zabeleta.pt\/wp-content\/uploads\/2026\/07\/SH2-132_20260701_v4-scaled.jpg 2133w, https:\/\/fragmentos.zabeleta.pt\/wp-content\/uploads\/2026\/07\/SH2-132_20260701_v4-scaled-300x169.jpg 300w, https:\/\/fragmentos.zabeleta.pt\/wp-content\/uploads\/2026\/07\/SH2-132_20260701_v4-1024x576.jpg 1024w, https:\/\/fragmentos.zabeleta.pt\/wp-content\/uploads\/2026\/07\/SH2-132_20260701_v4-768x432.jpg 768w, https:\/\/fragmentos.zabeleta.pt\/wp-content\/uploads\/2026\/07\/SH2-132_20260701_v4-1536x864.jpg 1536w, https:\/\/fragmentos.zabeleta.pt\/wp-content\/uploads\/2026\/07\/SH2-132_20260701_v4-2048x1152.jpg 2048w\" sizes=\"auto, (max-width: 300px) 100vw, 300px\" \/>\n\t\t<div class=\"figc\">\n\t\t\t<div class=\"figc-inner\">\n\t\t\t\t\t\t\t\t\t\t\t\t\t<div class=\"jtg-description\">O Le\u00e3o Alqu\u00edmico <br><small><i>O Rugido do \u00c9ter<\/i><\/small><\/div>\n\t\t\t\t\t\t\t\t\t\t\t<\/div>\n\t\t<\/div>\n\n\t<\/div>\n\n<\/div>\t\t\n\t<\/div>\n\n\t\n\t\n\t<script type=\"application\/ld+json\">\n\t{\n\t\t\"@context\": \"https:\/\/schema.org\",\n\t\t\"@type\"   : \"ImageGallery\",\n\t\t\"id\"      : \"https:\/\/fragmentos.zabeleta.pt\/?p=327\/#modula-gallery-326\",\n\t\t\"url\"     : \"https:\/\/fragmentos.zabeleta.pt\/?p=327\/\"\n\t}\n\n\t<\/script>\n\n\t\n<\/div>\n","protected":false},"excerpt":{"rendered":"<p>O firmamento n\u00e3o \u00e9 apenas um vasto reposit\u00f3rio de sil\u00eancio e poeira inerte, mas o palco grandioso de f\u00farias ancestrais e contidas. Um mergulho visual prolongado no cora\u00e7\u00e3o de SH2-132, a tem\u00edvel Nebulosa do Le\u00e3o, onde os ventos implac\u00e1veis de colossos estelares esculpem a mat\u00e9ria. Um frente-a-frente c\u00f3smico e visceral onde o hidrog\u00e9nio rubro devorador e o oxig\u00e9nio anil pacificador travam a mais pura das batalhas alqu\u00edmicas, eternizando o rugido de um predador estelar suspenso na imensid\u00e3o do \u00e9ter negro.<\/p>\n","protected":false},"author":1,"featured_media":323,"comment_status":"open","ping_status":"closed","sticky":false,"template":"","format":"standard","meta":{"footnotes":""},"categories":[9],"tags":[],"class_list":["post-327","post","type-post","status-publish","format-standard","has-post-thumbnail","hentry","category-materia"],"jetpack_featured_media_url":"https:\/\/fragmentos.zabeleta.pt\/wp-content\/uploads\/2026\/07\/SH2-132_20260701_v2-scaled.jpg","_links":{"self":[{"href":"https:\/\/fragmentos.zabeleta.pt\/index.php?rest_route=\/wp\/v2\/posts\/327","targetHints":{"allow":["GET"]}}],"collection":[{"href":"https:\/\/fragmentos.zabeleta.pt\/index.php?rest_route=\/wp\/v2\/posts"}],"about":[{"href":"https:\/\/fragmentos.zabeleta.pt\/index.php?rest_route=\/wp\/v2\/types\/post"}],"author":[{"embeddable":true,"href":"https:\/\/fragmentos.zabeleta.pt\/index.php?rest_route=\/wp\/v2\/users\/1"}],"replies":[{"embeddable":true,"href":"https:\/\/fragmentos.zabeleta.pt\/index.php?rest_route=%2Fwp%2Fv2%2Fcomments&post=327"}],"version-history":[{"count":3,"href":"https:\/\/fragmentos.zabeleta.pt\/index.php?rest_route=\/wp\/v2\/posts\/327\/revisions"}],"predecessor-version":[{"id":340,"href":"https:\/\/fragmentos.zabeleta.pt\/index.php?rest_route=\/wp\/v2\/posts\/327\/revisions\/340"}],"wp:featuredmedia":[{"embeddable":true,"href":"https:\/\/fragmentos.zabeleta.pt\/index.php?rest_route=\/wp\/v2\/media\/323"}],"wp:attachment":[{"href":"https:\/\/fragmentos.zabeleta.pt\/index.php?rest_route=%2Fwp%2Fv2%2Fmedia&parent=327"}],"wp:term":[{"taxonomy":"category","embeddable":true,"href":"https:\/\/fragmentos.zabeleta.pt\/index.php?rest_route=%2Fwp%2Fv2%2Fcategories&post=327"},{"taxonomy":"post_tag","embeddable":true,"href":"https:\/\/fragmentos.zabeleta.pt\/index.php?rest_route=%2Fwp%2Fv2%2Ftags&post=327"}],"curies":[{"name":"wp","href":"https:\/\/api.w.org\/{rel}","templated":true}]}}