{"id":339,"date":"2026-07-05T22:00:00","date_gmt":"2026-07-05T22:00:00","guid":{"rendered":"https:\/\/fragmentos.zabeleta.pt\/?p=339"},"modified":"2026-08-26T11:48:30","modified_gmt":"2026-08-26T11:48:30","slug":"a-garra-do-abismo","status":"publish","type":"post","link":"https:\/\/fragmentos.zabeleta.pt\/?p=339","title":{"rendered":"A Garra do Abismo"},"content":{"rendered":"\n<p class=\"wp-block-paragraph\">O espa\u00e7o profundo possui uma caligrafia pr\u00f3pria, uma linguagem visual escrita atrav\u00e9s da lenta e violenta eros\u00e3o da mat\u00e9ria. Quando apontamos os nossos instrumentos para a densa fronteira que divide as constela\u00e7\u00f5es de Cassiopeia e Cefeu, deparamo-nos com uma das estruturas mais singulares e imponentes da nossa gal\u00e1xia. Catalogada pelos astr\u00f3nomos como SH2-157, a sua morfologia sinuosa rendeu-lhe, entre os observadores mortais, a alcunha de Nebulosa da Garra de Lagosta.<\/p>\n\n\n\n<p class=\"wp-block-paragraph\">Esta capta\u00e7\u00e3o, que exigiu a imobilidade de quatro noites sucessivas sob o c\u00e9u de Julho, \u00e9 o resultado de uma opera\u00e7\u00e3o cir\u00fargica de enorme rigor. Para que a majestade deste arco de hidrog\u00e9nio pudesse ser contemplada sem a distrac\u00e7\u00e3o ofuscante do campo estelar de fundo, foi necess\u00e1rio recorrer ao princ\u00edpio da separa\u00e7\u00e3o. Num primeiro momento, o <em>Punctum<\/em> absorveu apenas o espectro puro e imaculado das estrelas; de seguida, mergulhou no abismo denso com o filtro de banda dupla para extrair, fot\u00e3o a fot\u00e3o, a tempestade vermelha que comp\u00f5e a nebulosa. S\u00f3 ap\u00f3s destilar estas duas realidades em separado, puderam elas ser de novo unidas nesta formid\u00e1vel tape\u00e7aria.<\/p>\n\n\n\n<p class=\"wp-block-paragraph\">O que a objectiva nos revela \u00e9 um colossal anel de g\u00e1s rubro, uma bolha interestelar que foi impiedosamente soprada e escavada por um punhado de gigantes luminosas. No cora\u00e7\u00e3o invis\u00edvel desta estrutura, habitam estrelas do tipo Wolf-Rayet (tit\u00e3s ardentes de vida fugaz e massa avassaladora), cujos ventos supers\u00f3nicos corroem o ber\u00e7o de <em>Prima Mat\u00e9ria<\/em> que as gerou. A garra que vemos projectar-se no negrume n\u00e3o \u00e9 um bra\u00e7o que avan\u00e7a, mas sim a fronteira de choque onde a luz vence, lentamente, a resist\u00eancia das trevas. No quadrante inferior esquerdo, isolada mas partilhando o mesmo campo de for\u00e7as, fulgura intensamente outra fornalha c\u00f3smica, a compacta NGC 7538, lembrando-nos que este vasto complexo molecular ferve de cria\u00e7\u00e3o e agonia em m\u00faltiplas frentes.<\/p>\n\n\n\n<p class=\"has-text-align-center wp-block-paragraph\" style=\"line-height:4\">* * *<\/p>\n\n\n\n<p class=\"wp-block-paragraph\">Na milenar Arte Alqu\u00edmica, a opera\u00e7\u00e3o de separar o subtil do espesso, a <em>Separatio<\/em>, \u00e9 frequentemente associada \u00e0 simbologia da pin\u00e7a ou da garra, o instrumento capaz de discernir, isolar e extrair. A garra actua como a l\u00e2mina da consci\u00eancia, cortando as amarras do caos para trazer a ordem ao caos inicial. O pr\u00f3prio acto de processar esta imagem, dividindo a luz estelar do g\u00e1s amorfo, \u00e9 um reflexo directo deste princ\u00edpio herm\u00e9tico.<\/p>\n\n\n\n<p class=\"wp-block-paragraph\">A Garra do Abismo estende-se no espa\u00e7o como um grande memento filos\u00f3fico. Lembra-nos o impulso humano e c\u00f3smico para a apreens\u00e3o: a tentativa desesperada de agarrar e conter o v\u00e1cuo, de fixar uma forma na vastid\u00e3o do infinito. Contudo, a li\u00e7\u00e3o destas gigantes estelares \u00e9 a da transitoriedade imperiosa. Por mais vasta que seja a estrutura, a radia\u00e7\u00e3o que hoje a ilumina ser\u00e1 a mesma que amanh\u00e3 a dissipar\u00e1 por completo.<\/p>\n\n\n\n<p class=\"wp-block-paragraph\">A Busca do peregrino assemelha-se a esta din\u00e2mica celeste. H\u00e1 fases em que o nosso esp\u00edrito se projecta como uma pin\u00e7a para agarrar o conhecimento, isolar as velhas m\u00e1goas e reter a luz que nos trespassa. Mas para que a Grande Obra se cumpra, \u00e9 imperativo compreender que nada se pode reter para sempre. A verdadeira gnose n\u00e3o reside no acto de aprisionar a verdade, mas na capacidade de a deixar fluir, reconhecendo que a beleza mais comovente, seja ela uma nebulosa rubra a anos-luz de dist\u00e2ncia ou uma convic\u00e7\u00e3o interior profunda, nasce sempre no limiar exacto entre a cria\u00e7\u00e3o e a sua pr\u00f3pria dissolu\u00e7\u00e3o.<\/p>\n\n\n\n<div style=\"height:30px\" aria-hidden=\"true\" class=\"wp-block-spacer\"><\/div>\n\n\n\n<p class=\"has-small-font-size wp-block-paragraph\"><em>Registo efectuado a 2, 3, 4 e 5 de Julho de 2026, a partir do Umbral de Brogueira.<\/em><\/p>\n\n\n<div  id=\"jtg-347\" class=\"modula modula-gallery modula-columns\" data-config=\"{&quot;tabletHeight&quot;:800,&quot;mobileHeight&quot;:800,&quot;desktopHeight&quot;:800,&quot;enableTwitter&quot;:false,&quot;enableWhatsapp&quot;:false,&quot;enableFacebook&quot;:false,&quot;enablePinterest&quot;:false,&quot;enableLinkedin&quot;:false,&quot;enableEmail&quot;:false,&quot;randomFactor&quot;:0.5,&quot;type&quot;:&quot;grid&quot;,&quot;columns&quot;:12,&quot;gutter&quot;:10,&quot;mobileGutter&quot;:10,&quot;tabletGutter&quot;:10,&quot;desktopGutter&quot;:10,&quot;enableResponsive&quot;:true,&quot;tabletColumns&quot;:2,&quot;mobileColumns&quot;:1,&quot;lazyLoad&quot;:0,&quot;lightboxOpts&quot;:{&quot;animated&quot;:true,&quot;Thumbs&quot;:{&quot;type&quot;:&quot;modern&quot;,&quot;showOnStart&quot;:false},&quot;Toolbar&quot;:{&quot;display&quot;:{&quot;right&quot;:[&quot;close&quot;]},&quot;enabled&quot;:true},&quot;Carousel&quot;:{&quot;Panzoom&quot;:{&quot;touch&quot;:true},&quot;infinite&quot;:false},&quot;keyboard&quot;:{&quot;Escape&quot;:&quot;close&quot;,&quot;Delete&quot;:&quot;close&quot;,&quot;Backspace&quot;:&quot;close&quot;,&quot;PageUp&quot;:&quot;next&quot;,&quot;PageDown&quot;:&quot;prev&quot;,&quot;ArrowUp&quot;:&quot;prev&quot;,&quot;ArrowDown&quot;:&quot;next&quot;,&quot;ArrowRight&quot;:&quot;next&quot;,&quot;ArrowLeft&quot;:&quot;prev&quot;},&quot;wheel&quot;:&quot;slide&quot;,&quot;touch&quot;:true,&quot;backdropClick&quot;:&quot;close&quot;,&quot;l10n&quot;:{&quot;CLOSE&quot;:&quot;Close&quot;,&quot;NEXT&quot;:&quot;Next&quot;,&quot;PREV&quot;:&quot;Previous&quot;,&quot;Error&quot;:&quot;The requested content cannot be loaded. Please try again later.&quot;,&quot;PLAY_START&quot;:&quot;Start slideshow&quot;,&quot;PLAY_STOP&quot;:&quot;Pause slideshow&quot;,&quot;FULL_SCREEN&quot;:&quot;Full screen&quot;,&quot;THUMBS&quot;:&quot;Thumbnails&quot;,&quot;DOWNLOAD&quot;:&quot;Download&quot;,&quot;SHARE&quot;:&quot;Share&quot;,&quot;ZOOM&quot;:&quot;Zoom&quot;,&quot;EMAIL&quot;:&quot;Here is the link to the image : %%image_link%% and this is the link to the gallery : %%gallery_link%%&quot;,&quot;MODAL&quot;:&quot;You can close this modal content with the ESC key&quot;,&quot;ERROR&quot;:&quot;Something Went Wrong, Please Try Again Later&quot;,&quot;IMAGE_ERROR&quot;:&quot;Image Not Found&quot;,&quot;ELEMENT_NOT_FOUND&quot;:&quot;HTML Element Not Found&quot;,&quot;AJAX_NOT_FOUND&quot;:&quot;Error Loading AJAX : Not Found&quot;,&quot;AJAX_FORBIDDEN&quot;:&quot;Error Loading AJAX : Forbidden&quot;,&quot;IFRAME_ERROR&quot;:&quot;Error Loading Page&quot;,&quot;TOGGLE_ZOOM&quot;:&quot;Toggle zoom level&quot;,&quot;TOGGLE_THUMBS&quot;:&quot;Toggle thumbnails&quot;,&quot;TOGGLE_SLIDESHOW&quot;:&quot;Toggle slideshow&quot;,&quot;TOGGLE_FULLSCREEN&quot;:&quot;Toggle full-screen mode&quot;},&quot;Images&quot;:{&quot;Panzoom&quot;:{&quot;maxScale&quot;:2}},&quot;mainClass&quot;:&quot;modula-fancybox-container modula-lightbox-jtg-347&quot;,&quot;Html&quot;:{&quot;videoAutoplay&quot;:0,&quot;videoTpl&quot;:&quot;&lt;video class=\\&quot;fancybox__html5video\\&quot; controls muted playsinline controlsList controlsList=\\&quot;nodownload\\&quot; poster=\\&quot;{{poster}}\\&quot; src=\\&quot;{{src}}\\&quot; type=\\&quot;{{format}}\\&quot; &gt;  Sorry, your browser doesn&#039;t support embedded videos, &lt;a href=\\&quot;{{src}}\\&quot;&gt; download &lt;\\\/a&gt; and watch with your favorite video player! &lt;\\\/video&gt;&quot;}},&quot;inView&quot;:false,&quot;email_subject&quot;:&quot;Check out this awesome image !!&quot;,&quot;email_message&quot;:&quot;Here is the link to the image : %%image_link%% and this is the link to the gallery : %%gallery_link%%&quot;,&quot;grid_type&quot;:&quot;automatic&quot;,&quot;rowHeight&quot;:250,&quot;lastRow&quot;:&quot;justify&quot;,&quot;lightbox&quot;:&quot;fancybox&quot;,&quot;lightbox_devices&quot;:&quot;both&quot;}\">\n\n\t\n\t<div  class=\"modula-items grid-gallery\">\n\t\t<div class=\"modula-item effect-pufrobo\" >\n\t<div class=\"modula-item-overlay\"><\/div>\n\n\t<div class=\"modula-item-content\">\n\n\t\t<a data-image-id=\"342\" role=\"button\" tabindex=\"0\" rel=\"jtg-347\" data-caption=\"A Garra do Abismo &lt;br&gt;&lt;small&gt;&lt;i&gt;A Fenda de Cassiopeia&lt;\/i&gt;&lt;\/small&gt;\" aria-label=\"Open image in lightbox\" class=\"tile-inner modula-item-link\"><\/a><img loading=\"lazy\" decoding=\"async\" class=\"pic wp-image-342\"  data-valign=\"middle\" data-halign=\"center\" alt=\"Fotografia astron\u00f3mica de campo amplo destacando um enorme anel incompleto de g\u00e1s vermelho rubro com a forma de uma garra, correspondente \u00e0 nebulosa SH2-157. A estrutura gasosa \u00e9 complexa, densa e esculpida, destacando-se veios mais escuros de poeira. No quadrante inferior esquerdo brilha uma nebulosa secund\u00e1ria bastante compacta e intensa (NGC 7538). O fundo negro do espa\u00e7o \u00e9 imaculado, salpicado por estrelas pontuais perfeitas cujas cores individuais se mant\u00eam bem preservadas.\" data-full=\"https:\/\/fragmentos.zabeleta.pt\/wp-content\/uploads\/2026\/08\/SH2-157_20260705_v1.jpg\" title=\"SH2-157_20260705_v1\" crop=\"\" width=\"300\" height=\"169\" src=\"https:\/\/fragmentos.zabeleta.pt\/wp-content\/uploads\/2026\/08\/SH2-157_20260705_v1-300x169.jpg\" data-src=\"https:\/\/fragmentos.zabeleta.pt\/wp-content\/uploads\/2026\/08\/SH2-157_20260705_v1-300x169.jpg\" data-caption=\"A Garra do Abismo &lt;br&gt;&lt;small&gt;&lt;i&gt;A Fenda de Cassiopeia&lt;\/i&gt;&lt;\/small&gt;\" srcset=\"https:\/\/fragmentos.zabeleta.pt\/wp-content\/uploads\/2026\/08\/SH2-157_20260705_v1-scaled.jpg 2133w, https:\/\/fragmentos.zabeleta.pt\/wp-content\/uploads\/2026\/08\/SH2-157_20260705_v1-scaled-300x169.jpg 300w, https:\/\/fragmentos.zabeleta.pt\/wp-content\/uploads\/2026\/08\/SH2-157_20260705_v1-1024x576.jpg 1024w, https:\/\/fragmentos.zabeleta.pt\/wp-content\/uploads\/2026\/08\/SH2-157_20260705_v1-768x432.jpg 768w, https:\/\/fragmentos.zabeleta.pt\/wp-content\/uploads\/2026\/08\/SH2-157_20260705_v1-1536x864.jpg 1536w, https:\/\/fragmentos.zabeleta.pt\/wp-content\/uploads\/2026\/08\/SH2-157_20260705_v1-2048x1152.jpg 2048w\" sizes=\"auto, (max-width: 300px) 100vw, 300px\" \/>\n\t\t<div class=\"figc\">\n\t\t\t<div class=\"figc-inner\">\n\t\t\t\t\t\t\t\t\t\t\t\t\t<div class=\"jtg-description\">A Garra do Abismo <br><small><i>A Fenda de Cassiopeia<\/i><\/small><\/div>\n\t\t\t\t\t\t\t\t\t\t\t<\/div>\n\t\t<\/div>\n\n\t<\/div>\n\n<\/div><div class=\"modula-item effect-pufrobo\" >\n\t<div class=\"modula-item-overlay\"><\/div>\n\n\t<div class=\"modula-item-content\">\n\n\t\t<a data-image-id=\"343\" role=\"button\" tabindex=\"0\" rel=\"jtg-347\" data-caption=\"A Garra do Abismo &lt;br&gt;&lt;small&gt;&lt;i&gt;A Fenda de Cassiopeia&lt;\/i&gt;&lt;\/small&gt;\" aria-label=\"Open image in lightbox\" class=\"tile-inner modula-item-link\"><\/a><img loading=\"lazy\" decoding=\"async\" class=\"pic wp-image-343\"  data-valign=\"middle\" data-halign=\"center\" alt=\"Fotografia astron\u00f3mica de campo amplo destacando um enorme anel incompleto de g\u00e1s vermelho rubro com a forma de uma garra, correspondente \u00e0 nebulosa SH2-157. A estrutura gasosa \u00e9 complexa, densa e esculpida, destacando-se veios mais escuros de poeira. No quadrante inferior esquerdo brilha uma nebulosa secund\u00e1ria bastante compacta e intensa (NGC 7538). O fundo negro do espa\u00e7o \u00e9 imaculado, salpicado por estrelas pontuais perfeitas cujas cores individuais se mant\u00eam bem preservadas.\" data-full=\"https:\/\/fragmentos.zabeleta.pt\/wp-content\/uploads\/2026\/08\/SH2-157_20260705_v2.jpg\" title=\"SH2-157_20260705_v2\" crop=\"\" width=\"300\" height=\"169\" src=\"https:\/\/fragmentos.zabeleta.pt\/wp-content\/uploads\/2026\/08\/SH2-157_20260705_v2-300x169.jpg\" data-src=\"https:\/\/fragmentos.zabeleta.pt\/wp-content\/uploads\/2026\/08\/SH2-157_20260705_v2-300x169.jpg\" data-caption=\"A Garra do Abismo &lt;br&gt;&lt;small&gt;&lt;i&gt;A Fenda de Cassiopeia&lt;\/i&gt;&lt;\/small&gt;\" srcset=\"https:\/\/fragmentos.zabeleta.pt\/wp-content\/uploads\/2026\/08\/SH2-157_20260705_v2-scaled.jpg 2133w, https:\/\/fragmentos.zabeleta.pt\/wp-content\/uploads\/2026\/08\/SH2-157_20260705_v2-scaled-300x169.jpg 300w, https:\/\/fragmentos.zabeleta.pt\/wp-content\/uploads\/2026\/08\/SH2-157_20260705_v2-1024x576.jpg 1024w, https:\/\/fragmentos.zabeleta.pt\/wp-content\/uploads\/2026\/08\/SH2-157_20260705_v2-768x432.jpg 768w, https:\/\/fragmentos.zabeleta.pt\/wp-content\/uploads\/2026\/08\/SH2-157_20260705_v2-1536x864.jpg 1536w, https:\/\/fragmentos.zabeleta.pt\/wp-content\/uploads\/2026\/08\/SH2-157_20260705_v2-2048x1152.jpg 2048w\" sizes=\"auto, (max-width: 300px) 100vw, 300px\" \/>\n\t\t<div class=\"figc\">\n\t\t\t<div class=\"figc-inner\">\n\t\t\t\t\t\t\t\t\t\t\t\t\t<div class=\"jtg-description\">A Garra do Abismo <br><small><i>A Fenda de Cassiopeia<\/i><\/small><\/div>\n\t\t\t\t\t\t\t\t\t\t\t<\/div>\n\t\t<\/div>\n\n\t<\/div>\n\n<\/div><div class=\"modula-item effect-pufrobo\" >\n\t<div class=\"modula-item-overlay\"><\/div>\n\n\t<div class=\"modula-item-content\">\n\n\t\t<a data-image-id=\"344\" role=\"button\" tabindex=\"0\" rel=\"jtg-347\" data-caption=\"A Garra do Abismo &lt;br&gt;&lt;small&gt;&lt;i&gt;A Fenda de Cassiopeia&lt;\/i&gt;&lt;\/small&gt;\" aria-label=\"Open image in lightbox\" class=\"tile-inner modula-item-link\"><\/a><img loading=\"lazy\" decoding=\"async\" class=\"pic wp-image-344\"  data-valign=\"middle\" data-halign=\"center\" alt=\"Fotografia astron\u00f3mica de campo amplo destacando um enorme anel incompleto de g\u00e1s vermelho rubro com a forma de uma garra, correspondente \u00e0 nebulosa SH2-157. A estrutura gasosa \u00e9 complexa, densa e esculpida, destacando-se veios mais escuros de poeira. No quadrante inferior esquerdo brilha uma nebulosa secund\u00e1ria bastante compacta e intensa (NGC 7538). O fundo negro do espa\u00e7o \u00e9 imaculado, salpicado por estrelas pontuais perfeitas cujas cores individuais se mant\u00eam bem preservadas.\" data-full=\"https:\/\/fragmentos.zabeleta.pt\/wp-content\/uploads\/2026\/08\/SH2-157_20260705_v3.jpg\" title=\"SH2-157_20260705_v3\" crop=\"\" width=\"300\" height=\"169\" src=\"https:\/\/fragmentos.zabeleta.pt\/wp-content\/uploads\/2026\/08\/SH2-157_20260705_v3-300x169.jpg\" data-src=\"https:\/\/fragmentos.zabeleta.pt\/wp-content\/uploads\/2026\/08\/SH2-157_20260705_v3-300x169.jpg\" data-caption=\"A Garra do Abismo &lt;br&gt;&lt;small&gt;&lt;i&gt;A Fenda de Cassiopeia&lt;\/i&gt;&lt;\/small&gt;\" srcset=\"https:\/\/fragmentos.zabeleta.pt\/wp-content\/uploads\/2026\/08\/SH2-157_20260705_v3-scaled.jpg 2133w, https:\/\/fragmentos.zabeleta.pt\/wp-content\/uploads\/2026\/08\/SH2-157_20260705_v3-scaled-300x169.jpg 300w, https:\/\/fragmentos.zabeleta.pt\/wp-content\/uploads\/2026\/08\/SH2-157_20260705_v3-1024x576.jpg 1024w, https:\/\/fragmentos.zabeleta.pt\/wp-content\/uploads\/2026\/08\/SH2-157_20260705_v3-768x432.jpg 768w, https:\/\/fragmentos.zabeleta.pt\/wp-content\/uploads\/2026\/08\/SH2-157_20260705_v3-1536x864.jpg 1536w, https:\/\/fragmentos.zabeleta.pt\/wp-content\/uploads\/2026\/08\/SH2-157_20260705_v3-2048x1152.jpg 2048w\" sizes=\"auto, (max-width: 300px) 100vw, 300px\" \/>\n\t\t<div class=\"figc\">\n\t\t\t<div class=\"figc-inner\">\n\t\t\t\t\t\t\t\t\t\t\t\t\t<div class=\"jtg-description\">A Garra do Abismo <br><small><i>A Fenda de Cassiopeia<\/i><\/small><\/div>\n\t\t\t\t\t\t\t\t\t\t\t<\/div>\n\t\t<\/div>\n\n\t<\/div>\n\n<\/div><div class=\"modula-item effect-pufrobo\" >\n\t<div class=\"modula-item-overlay\"><\/div>\n\n\t<div class=\"modula-item-content\">\n\n\t\t<a data-image-id=\"345\" role=\"button\" tabindex=\"0\" rel=\"jtg-347\" data-caption=\"A Garra do Abismo &lt;br&gt;&lt;small&gt;&lt;i&gt;A Fenda de Cassiopeia&lt;\/i&gt;&lt;\/small&gt;\" aria-label=\"Open image in lightbox\" class=\"tile-inner modula-item-link\"><\/a><img loading=\"lazy\" decoding=\"async\" class=\"pic wp-image-345\"  data-valign=\"middle\" data-halign=\"center\" alt=\"Fotografia astron\u00f3mica de campo amplo destacando um enorme anel incompleto de g\u00e1s vermelho rubro com a forma de uma garra, correspondente \u00e0 nebulosa SH2-157. A estrutura gasosa \u00e9 complexa, densa e esculpida, destacando-se veios mais escuros de poeira. No quadrante inferior esquerdo brilha uma nebulosa secund\u00e1ria bastante compacta e intensa (NGC 7538). O fundo negro do espa\u00e7o \u00e9 imaculado, salpicado por estrelas pontuais perfeitas cujas cores individuais se mant\u00eam bem preservadas.\" data-full=\"https:\/\/fragmentos.zabeleta.pt\/wp-content\/uploads\/2026\/08\/SH2-157_20260705_v4.jpg\" title=\"SH2-157_20260705_v4\" crop=\"\" width=\"300\" height=\"169\" src=\"https:\/\/fragmentos.zabeleta.pt\/wp-content\/uploads\/2026\/08\/SH2-157_20260705_v4-300x169.jpg\" data-src=\"https:\/\/fragmentos.zabeleta.pt\/wp-content\/uploads\/2026\/08\/SH2-157_20260705_v4-300x169.jpg\" data-caption=\"A Garra do Abismo &lt;br&gt;&lt;small&gt;&lt;i&gt;A Fenda de Cassiopeia&lt;\/i&gt;&lt;\/small&gt;\" srcset=\"https:\/\/fragmentos.zabeleta.pt\/wp-content\/uploads\/2026\/08\/SH2-157_20260705_v4-scaled.jpg 2133w, https:\/\/fragmentos.zabeleta.pt\/wp-content\/uploads\/2026\/08\/SH2-157_20260705_v4-scaled-300x169.jpg 300w, https:\/\/fragmentos.zabeleta.pt\/wp-content\/uploads\/2026\/08\/SH2-157_20260705_v4-1024x576.jpg 1024w, https:\/\/fragmentos.zabeleta.pt\/wp-content\/uploads\/2026\/08\/SH2-157_20260705_v4-768x432.jpg 768w, https:\/\/fragmentos.zabeleta.pt\/wp-content\/uploads\/2026\/08\/SH2-157_20260705_v4-1536x864.jpg 1536w, https:\/\/fragmentos.zabeleta.pt\/wp-content\/uploads\/2026\/08\/SH2-157_20260705_v4-2048x1152.jpg 2048w\" sizes=\"auto, (max-width: 300px) 100vw, 300px\" \/>\n\t\t<div class=\"figc\">\n\t\t\t<div class=\"figc-inner\">\n\t\t\t\t\t\t\t\t\t\t\t\t\t<div class=\"jtg-description\">A Garra do Abismo <br><small><i>A Fenda de Cassiopeia<\/i><\/small><\/div>\n\t\t\t\t\t\t\t\t\t\t\t<\/div>\n\t\t<\/div>\n\n\t<\/div>\n\n<\/div><div class=\"modula-item effect-pufrobo\" >\n\t<div class=\"modula-item-overlay\"><\/div>\n\n\t<div class=\"modula-item-content\">\n\n\t\t<a data-image-id=\"346\" role=\"button\" tabindex=\"0\" rel=\"jtg-347\" data-caption=\"A Garra do Abismo &lt;br&gt;&lt;small&gt;&lt;i&gt;A Fenda de Cassiopeia&lt;\/i&gt;&lt;\/small&gt;\" aria-label=\"Open image in lightbox\" class=\"tile-inner modula-item-link\"><\/a><img loading=\"lazy\" decoding=\"async\" class=\"pic wp-image-346\"  data-valign=\"middle\" data-halign=\"center\" alt=\"Fotografia astron\u00f3mica de campo amplo destacando um enorme anel incompleto de g\u00e1s vermelho rubro com a forma de uma garra, correspondente \u00e0 nebulosa SH2-157. A estrutura gasosa \u00e9 complexa, densa e esculpida, destacando-se veios mais escuros de poeira. No quadrante inferior esquerdo brilha uma nebulosa secund\u00e1ria bastante compacta e intensa (NGC 7538). O fundo negro do espa\u00e7o \u00e9 imaculado, salpicado por estrelas pontuais perfeitas cujas cores individuais se mant\u00eam bem preservadas.\" data-full=\"https:\/\/fragmentos.zabeleta.pt\/wp-content\/uploads\/2026\/08\/SH2-157_20260705_v5.jpg\" title=\"SH2-157_20260705_v5\" crop=\"\" width=\"300\" height=\"169\" src=\"https:\/\/fragmentos.zabeleta.pt\/wp-content\/uploads\/2026\/08\/SH2-157_20260705_v5-300x169.jpg\" data-src=\"https:\/\/fragmentos.zabeleta.pt\/wp-content\/uploads\/2026\/08\/SH2-157_20260705_v5-300x169.jpg\" data-caption=\"A Garra do Abismo &lt;br&gt;&lt;small&gt;&lt;i&gt;A Fenda de Cassiopeia&lt;\/i&gt;&lt;\/small&gt;\" srcset=\"https:\/\/fragmentos.zabeleta.pt\/wp-content\/uploads\/2026\/08\/SH2-157_20260705_v5-scaled.jpg 2133w, https:\/\/fragmentos.zabeleta.pt\/wp-content\/uploads\/2026\/08\/SH2-157_20260705_v5-scaled-300x169.jpg 300w, https:\/\/fragmentos.zabeleta.pt\/wp-content\/uploads\/2026\/08\/SH2-157_20260705_v5-1024x576.jpg 1024w, https:\/\/fragmentos.zabeleta.pt\/wp-content\/uploads\/2026\/08\/SH2-157_20260705_v5-768x432.jpg 768w, https:\/\/fragmentos.zabeleta.pt\/wp-content\/uploads\/2026\/08\/SH2-157_20260705_v5-1536x864.jpg 1536w, https:\/\/fragmentos.zabeleta.pt\/wp-content\/uploads\/2026\/08\/SH2-157_20260705_v5-2048x1152.jpg 2048w\" sizes=\"auto, (max-width: 300px) 100vw, 300px\" \/>\n\t\t<div class=\"figc\">\n\t\t\t<div class=\"figc-inner\">\n\t\t\t\t\t\t\t\t\t\t\t\t\t<div class=\"jtg-description\">A Garra do Abismo <br><small><i>A Fenda de Cassiopeia<\/i><\/small><\/div>\n\t\t\t\t\t\t\t\t\t\t\t<\/div>\n\t\t<\/div>\n\n\t<\/div>\n\n<\/div>\t\t\n\t<\/div>\n\n\t\n\t\n\t<script type=\"application\/ld+json\">\n\t{\n\t\t\"@context\": \"https:\/\/schema.org\",\n\t\t\"@type\"   : \"ImageGallery\",\n\t\t\"id\"      : \"https:\/\/fragmentos.zabeleta.pt\/?p=339\/#modula-gallery-347\",\n\t\t\"url\"     : \"https:\/\/fragmentos.zabeleta.pt\/?p=339\/\"\n\t}\n\n\t<\/script>\n\n\t\n<\/div>\n","protected":false},"excerpt":{"rendered":"<p>O espa\u00e7o profundo escreve a sua hist\u00f3ria atrav\u00e9s da lenta e violenta eros\u00e3o da mat\u00e9ria primordial. Um olhar profundo sobre SH2-157, a Garra do Abismo, suspensa na fronteira entre Cassiopeia e Cefeu. Aqui, os ventos implac\u00e1veis de estrelas tit\u00e2nicas escavam um colossal arco de hidrog\u00e9nio rubro, num acto eterno de alquimia c\u00f3smica. Uma medita\u00e7\u00e3o visual sobre o imperativo de separar o subtil do espesso, onde a luz trava a sua mais bela batalha contra a resist\u00eancia das trevas.<\/p>\n","protected":false},"author":1,"featured_media":342,"comment_status":"open","ping_status":"closed","sticky":false,"template":"","format":"standard","meta":{"footnotes":""},"categories":[9],"tags":[],"class_list":["post-339","post","type-post","status-publish","format-standard","has-post-thumbnail","hentry","category-materia"],"jetpack_featured_media_url":"https:\/\/fragmentos.zabeleta.pt\/wp-content\/uploads\/2026\/08\/SH2-157_20260705_v1-scaled.jpg","_links":{"self":[{"href":"https:\/\/fragmentos.zabeleta.pt\/index.php?rest_route=\/wp\/v2\/posts\/339","targetHints":{"allow":["GET"]}}],"collection":[{"href":"https:\/\/fragmentos.zabeleta.pt\/index.php?rest_route=\/wp\/v2\/posts"}],"about":[{"href":"https:\/\/fragmentos.zabeleta.pt\/index.php?rest_route=\/wp\/v2\/types\/post"}],"author":[{"embeddable":true,"href":"https:\/\/fragmentos.zabeleta.pt\/index.php?rest_route=\/wp\/v2\/users\/1"}],"replies":[{"embeddable":true,"href":"https:\/\/fragmentos.zabeleta.pt\/index.php?rest_route=%2Fwp%2Fv2%2Fcomments&post=339"}],"version-history":[{"count":3,"href":"https:\/\/fragmentos.zabeleta.pt\/index.php?rest_route=\/wp\/v2\/posts\/339\/revisions"}],"predecessor-version":[{"id":357,"href":"https:\/\/fragmentos.zabeleta.pt\/index.php?rest_route=\/wp\/v2\/posts\/339\/revisions\/357"}],"wp:featuredmedia":[{"embeddable":true,"href":"https:\/\/fragmentos.zabeleta.pt\/index.php?rest_route=\/wp\/v2\/media\/342"}],"wp:attachment":[{"href":"https:\/\/fragmentos.zabeleta.pt\/index.php?rest_route=%2Fwp%2Fv2%2Fmedia&parent=339"}],"wp:term":[{"taxonomy":"category","embeddable":true,"href":"https:\/\/fragmentos.zabeleta.pt\/index.php?rest_route=%2Fwp%2Fv2%2Fcategories&post=339"},{"taxonomy":"post_tag","embeddable":true,"href":"https:\/\/fragmentos.zabeleta.pt\/index.php?rest_route=%2Fwp%2Fv2%2Ftags&post=339"}],"curies":[{"name":"wp","href":"https:\/\/api.w.org\/{rel}","templated":true}]}}