{"id":356,"date":"2026-07-08T22:00:00","date_gmt":"2026-07-08T22:00:00","guid":{"rendered":"https:\/\/fragmentos.zabeleta.pt\/?p=356"},"modified":"2026-08-31T18:55:35","modified_gmt":"2026-08-31T18:55:35","slug":"a-flor-do-eter","status":"publish","type":"post","link":"https:\/\/fragmentos.zabeleta.pt\/?p=356","title":{"rendered":"A Flor do \u00c9ter"},"content":{"rendered":"\n<p class=\"wp-block-paragraph\">O firmamento n\u00e3o \u00e9 tecido exclusivamente pela viol\u00eancia de fornalhas devoradoras ou por ber\u00e7\u00e1rios de fogo ca\u00f3tico. Nas profundezas mais g\u00e9lidas, silenciosas e aparentemente vazias do cosmos, existem tamb\u00e9m jardins ocultos, estruturas de uma fragilidade assombrosa que aguardam pacientemente pela luz para revelarem a sua forma. Quando abandonamos a turbul\u00eancia das grandes nebulosas de emiss\u00e3o e apontamos os espelhos do <em>Radius<\/em> para a constela\u00e7\u00e3o de Cefeu, deparamo-nos com uma das presen\u00e7as mais delicadas da nossa gal\u00e1xia: NGC 7023, a Nebulosa da \u00cdris.<\/p>\n\n\n\n<p class=\"wp-block-paragraph\">Esta tape\u00e7aria n\u00e3o se revelou de \u00e2nimo leve; exigiu uma paci\u00eancia verdadeiramente mon\u00e1stica. Ao longo de sete noites fragmentadas e dispersas pelos meses de Junho e Julho, a pesada arquitectura do telesc\u00f3pio Newtoniano e a precis\u00e3o incans\u00e1vel da montagem equatorial mantiveram o seu olhar fixo num \u00fanico po\u00e7o de escurid\u00e3o. Ao contr\u00e1rio das capta\u00e7\u00f5es que recorrem a filtros restritivos para isolar gases em combust\u00e3o, esta imagem foi colhida na sua totalidade com a pureza do espectro vis\u00edvel. O filtro de corte UV\/IR permitiu que a luz natural incidisse directamente sobre a matriz da c\u00e2mara, enquanto o corrector de coma disciplinava os fot\u00f5es at\u00e9 \u00e0s margens do sensor. O resultado desta imers\u00e3o de quase treze horas \u00e9 um mergulho abissal num oceano de poeira escura, onde desabrocha uma imensa flor de luz pur\u00edssima.<\/p>\n\n\n\n<p class=\"wp-block-paragraph\">A astrof\u00edsica explica-nos que a \u00cdris n\u00e3o possui, na sua vasta coroa de filamentos, qualquer luz pr\u00f3pria. O que a objectiva recolheu pacientemente foram os reflexos de uma \u00fanica e jovem estrela central, a fulgurante SAO 19158. Este astro, rec\u00e9m-nascido e dotado de uma energia avassaladora, irradia a sua luz contra as paredes da espessa caverna de poeira c\u00f3smica que a rodeia e que, noutros tempos, serviu de \u00fatero \u00e0 sua pr\u00f3pria forma\u00e7\u00e3o. A poeira interestelar dispersa preferencialmente o espectro azul, banhando os densos casulos com uma neblina anilada. A \u00cdris \u00e9, portanto, um espelho monumental com cerca de seis anos-luz de di\u00e2metro, uma flor de gelo, carbono e poeira, resgatada das trevas pela lanterna solit\u00e1ria do seu pr\u00f3prio n\u00facleo.<\/p>\n\n\n\n<p class=\"has-text-align-center wp-block-paragraph\" style=\"line-height:4\">* * *<\/p>\n\n\n\n<p class=\"wp-block-paragraph\">Na milenar Tradi\u00e7\u00e3o Herm\u00e9tica, o arqu\u00e9tipo da flor, seja ela a \u00edris cl\u00e1ssica, o l\u00f3tus oriental ou a rosa dos rosacruzes, representa o derradeiro desabrochar da consci\u00eancia no seio das trevas. Ela \u00e9 a pureza intacta que emerge do p\u00e2ntano, a forma geom\u00e9trica perfeita que se ergue triunfante do caos informe da mat\u00e9ria primordial. A Nebulosa da \u00cdris materializa esta mesma alegoria, mas encenada no teatro desmesurado do espa\u00e7o profundo. Ela encontra-se perpetuamente sitiada por um oceano de escurid\u00e3o castanha e asfixiante, uma matriz densa e inerte; contudo, no seu cora\u00e7\u00e3o oculto, a presen\u00e7a de uma \u00fanica fonte de luz superior \u00e9 o suficiente para transmutar essa mesma opacidade numa majestosa coroa de gl\u00f3ria azulada.<\/p>\n\n\n\n<p class=\"wp-block-paragraph\">Este Fragmento invoca, de forma visual e implac\u00e1vel, a antiqu\u00edssima Lei do Reflexo. Nem sempre a Grande Obra exige do peregrino que ele seja a fornalha que consome, o enxofre que queima ou a estrela que colapsa num grito de radia\u00e7\u00e3o. Por vezes, o nosso verdadeiro papel no teatro do universo \u00e9 exactamente id\u00eantico ao destas poeiras frias e silenciosas. Encontramo-nos, as mais das vezes, imersos na escurid\u00e3o da nossa pr\u00f3pria ignor\u00e2ncia, limitados pela densidade do nosso corpo e do nosso tempo. Mas se nos permitirmos ser recept\u00e1culos da Luz, se soubermos polir a nossa estrutura interna e purificar a nossa inten\u00e7\u00e3o para receber essa emana\u00e7\u00e3o, seremos capazes de reflectir o divino e espalh\u00e1-lo \u00e0 nossa volta.<\/p>\n\n\n\n<p class=\"wp-block-paragraph\">A \u00cdris celeste adverte-nos de que n\u00e3o precisamos de gerar a nossa pr\u00f3pria luz para iluminar o abismo em que caminhamos; basta apenas que nos coloquemos no \u00e2ngulo exacto da verdade, permitindo que a luz infinita nos atravesse, repouse em n\u00f3s e flores\u00e7a, silenciosamente, no v\u00e1cuo.<\/p>\n\n\n\n<div style=\"height:30px\" aria-hidden=\"true\" class=\"wp-block-spacer\"><\/div>\n\n\n\n<p class=\"has-small-font-size wp-block-paragraph\"><em>Registo efectuado a 10, 11 e 27 de Junho; 3, 4, 7 e 8 de Julho de 2026, a partir do Umbral de Brogueira.<\/em><\/p>\n\n\n<div  id=\"jtg-355\" class=\"modula modula-gallery modula-columns\" data-config=\"{&quot;tabletHeight&quot;:800,&quot;mobileHeight&quot;:800,&quot;desktopHeight&quot;:800,&quot;enableTwitter&quot;:false,&quot;enableWhatsapp&quot;:false,&quot;enableFacebook&quot;:false,&quot;enablePinterest&quot;:false,&quot;enableLinkedin&quot;:false,&quot;enableEmail&quot;:false,&quot;randomFactor&quot;:0.5,&quot;type&quot;:&quot;grid&quot;,&quot;columns&quot;:12,&quot;gutter&quot;:10,&quot;mobileGutter&quot;:10,&quot;tabletGutter&quot;:10,&quot;desktopGutter&quot;:10,&quot;enableResponsive&quot;:true,&quot;tabletColumns&quot;:2,&quot;mobileColumns&quot;:1,&quot;lazyLoad&quot;:0,&quot;lightboxOpts&quot;:{&quot;animated&quot;:true,&quot;Thumbs&quot;:{&quot;type&quot;:&quot;modern&quot;,&quot;showOnStart&quot;:false},&quot;Toolbar&quot;:{&quot;display&quot;:{&quot;right&quot;:[&quot;close&quot;]},&quot;enabled&quot;:true},&quot;Carousel&quot;:{&quot;Panzoom&quot;:{&quot;touch&quot;:true},&quot;infinite&quot;:false},&quot;keyboard&quot;:{&quot;Escape&quot;:&quot;close&quot;,&quot;Delete&quot;:&quot;close&quot;,&quot;Backspace&quot;:&quot;close&quot;,&quot;PageUp&quot;:&quot;next&quot;,&quot;PageDown&quot;:&quot;prev&quot;,&quot;ArrowUp&quot;:&quot;prev&quot;,&quot;ArrowDown&quot;:&quot;next&quot;,&quot;ArrowRight&quot;:&quot;next&quot;,&quot;ArrowLeft&quot;:&quot;prev&quot;},&quot;wheel&quot;:&quot;slide&quot;,&quot;touch&quot;:true,&quot;backdropClick&quot;:&quot;close&quot;,&quot;l10n&quot;:{&quot;CLOSE&quot;:&quot;Close&quot;,&quot;NEXT&quot;:&quot;Next&quot;,&quot;PREV&quot;:&quot;Previous&quot;,&quot;Error&quot;:&quot;The requested content cannot be loaded. Please try again later.&quot;,&quot;PLAY_START&quot;:&quot;Start slideshow&quot;,&quot;PLAY_STOP&quot;:&quot;Pause slideshow&quot;,&quot;FULL_SCREEN&quot;:&quot;Full screen&quot;,&quot;THUMBS&quot;:&quot;Thumbnails&quot;,&quot;DOWNLOAD&quot;:&quot;Download&quot;,&quot;SHARE&quot;:&quot;Share&quot;,&quot;ZOOM&quot;:&quot;Zoom&quot;,&quot;EMAIL&quot;:&quot;Here is the link to the image : %%image_link%% and this is the link to the gallery : %%gallery_link%%&quot;,&quot;MODAL&quot;:&quot;You can close this modal content with the ESC key&quot;,&quot;ERROR&quot;:&quot;Something Went Wrong, Please Try Again Later&quot;,&quot;IMAGE_ERROR&quot;:&quot;Image Not Found&quot;,&quot;ELEMENT_NOT_FOUND&quot;:&quot;HTML Element Not Found&quot;,&quot;AJAX_NOT_FOUND&quot;:&quot;Error Loading AJAX : Not Found&quot;,&quot;AJAX_FORBIDDEN&quot;:&quot;Error Loading AJAX : Forbidden&quot;,&quot;IFRAME_ERROR&quot;:&quot;Error Loading Page&quot;,&quot;TOGGLE_ZOOM&quot;:&quot;Toggle zoom level&quot;,&quot;TOGGLE_THUMBS&quot;:&quot;Toggle thumbnails&quot;,&quot;TOGGLE_SLIDESHOW&quot;:&quot;Toggle slideshow&quot;,&quot;TOGGLE_FULLSCREEN&quot;:&quot;Toggle full-screen mode&quot;},&quot;Images&quot;:{&quot;Panzoom&quot;:{&quot;maxScale&quot;:2}},&quot;mainClass&quot;:&quot;modula-fancybox-container modula-lightbox-jtg-355&quot;,&quot;Html&quot;:{&quot;videoAutoplay&quot;:0,&quot;videoTpl&quot;:&quot;&lt;video class=\\&quot;fancybox__html5video\\&quot; controls muted playsinline controlsList controlsList=\\&quot;nodownload\\&quot; poster=\\&quot;{{poster}}\\&quot; src=\\&quot;{{src}}\\&quot; type=\\&quot;{{format}}\\&quot; &gt;  Sorry, your browser doesn&#039;t support embedded videos, &lt;a href=\\&quot;{{src}}\\&quot;&gt; download &lt;\\\/a&gt; and watch with your favorite video player! &lt;\\\/video&gt;&quot;}},&quot;inView&quot;:false,&quot;email_subject&quot;:&quot;Check out this awesome image !!&quot;,&quot;email_message&quot;:&quot;Here is the link to the image : %%image_link%% and this is the link to the gallery : %%gallery_link%%&quot;,&quot;grid_type&quot;:&quot;automatic&quot;,&quot;rowHeight&quot;:250,&quot;lastRow&quot;:&quot;justify&quot;,&quot;lightbox&quot;:&quot;fancybox&quot;,&quot;lightbox_devices&quot;:&quot;both&quot;}\">\n\n\t\n\t<div  class=\"modula-items grid-gallery\">\n\t\t<div class=\"modula-item effect-pufrobo\" >\n\t<div class=\"modula-item-overlay\"><\/div>\n\n\t<div class=\"modula-item-content\">\n\n\t\t<a data-image-id=\"351\" role=\"button\" tabindex=\"0\" rel=\"jtg-355\" data-caption=\"A Flor do \u00c9ter &lt;br&gt;&lt;small&gt;&lt;i&gt;O Espelho de Cefeu&lt;\/i&gt;&lt;\/small&gt;\" aria-label=\"Open image in lightbox\" class=\"tile-inner modula-item-link\"><\/a><img loading=\"lazy\" decoding=\"async\" class=\"pic wp-image-351\"  data-valign=\"middle\" data-halign=\"center\" alt=\"Fotografia astron\u00f3mica profunda exibindo a Nebulosa da \u00cdris (NGC 7023) no centro, caracterizada por um n\u00facleo estelar brilhante intensamente rodeado por delicadas e complexas nuvens de poeira reflectora de tons azuis e anil. Todo o campo em torno da nebulosa revela extensas e imponentes massas de poeira escura e acastanhada que bloqueiam a luz de fundo. A imagem encontra-se ponteada por estrelas n\u00edtidas de diversas colora\u00e7\u00f5es sobre um c\u00e9u negro e profundo.\" data-full=\"https:\/\/fragmentos.zabeleta.pt\/wp-content\/uploads\/2026\/08\/NGC7023_20260708_v1.jpg\" title=\"NGC7023_20260708_v1\" crop=\"\" width=\"300\" height=\"169\" src=\"https:\/\/fragmentos.zabeleta.pt\/wp-content\/uploads\/2026\/08\/NGC7023_20260708_v1-300x169.jpg\" data-src=\"https:\/\/fragmentos.zabeleta.pt\/wp-content\/uploads\/2026\/08\/NGC7023_20260708_v1-300x169.jpg\" data-caption=\"A Flor do \u00c9ter &lt;br&gt;&lt;small&gt;&lt;i&gt;O Espelho de Cefeu&lt;\/i&gt;&lt;\/small&gt;\" srcset=\"https:\/\/fragmentos.zabeleta.pt\/wp-content\/uploads\/2026\/08\/NGC7023_20260708_v1-scaled.jpg 2133w, https:\/\/fragmentos.zabeleta.pt\/wp-content\/uploads\/2026\/08\/NGC7023_20260708_v1-scaled-300x169.jpg 300w, https:\/\/fragmentos.zabeleta.pt\/wp-content\/uploads\/2026\/08\/NGC7023_20260708_v1-1024x576.jpg 1024w, https:\/\/fragmentos.zabeleta.pt\/wp-content\/uploads\/2026\/08\/NGC7023_20260708_v1-768x432.jpg 768w, https:\/\/fragmentos.zabeleta.pt\/wp-content\/uploads\/2026\/08\/NGC7023_20260708_v1-1536x864.jpg 1536w, https:\/\/fragmentos.zabeleta.pt\/wp-content\/uploads\/2026\/08\/NGC7023_20260708_v1-2048x1152.jpg 2048w\" sizes=\"auto, (max-width: 300px) 100vw, 300px\" \/>\n\t\t<div class=\"figc\">\n\t\t\t<div class=\"figc-inner\">\n\t\t\t\t\t\t\t\t\t\t\t\t\t<div class=\"jtg-description\">A Flor do \u00c9ter <br><small><i>O Espelho de Cefeu<\/i><\/small><\/div>\n\t\t\t\t\t\t\t\t\t\t\t<\/div>\n\t\t<\/div>\n\n\t<\/div>\n\n<\/div><div class=\"modula-item effect-pufrobo\" >\n\t<div class=\"modula-item-overlay\"><\/div>\n\n\t<div class=\"modula-item-content\">\n\n\t\t<a data-image-id=\"352\" role=\"button\" tabindex=\"0\" rel=\"jtg-355\" data-caption=\"A Flor do \u00c9ter &lt;br&gt;&lt;small&gt;&lt;i&gt;O Espelho de Cefeu&lt;\/i&gt;&lt;\/small&gt;\" aria-label=\"Open image in lightbox\" class=\"tile-inner modula-item-link\"><\/a><img loading=\"lazy\" decoding=\"async\" class=\"pic wp-image-352\"  data-valign=\"middle\" data-halign=\"center\" alt=\"Fotografia astron\u00f3mica profunda exibindo a Nebulosa da \u00cdris (NGC 7023) no centro, caracterizada por um n\u00facleo estelar brilhante intensamente rodeado por delicadas e complexas nuvens de poeira reflectora de tons azuis e anil. Todo o campo em torno da nebulosa revela extensas e imponentes massas de poeira escura e acastanhada que bloqueiam a luz de fundo. A imagem encontra-se ponteada por estrelas n\u00edtidas de diversas colora\u00e7\u00f5es sobre um c\u00e9u negro e profundo.\" data-full=\"https:\/\/fragmentos.zabeleta.pt\/wp-content\/uploads\/2026\/08\/NGC7023_20260708_v2.jpg\" title=\"NGC7023_20260708_v2\" crop=\"\" width=\"300\" height=\"169\" src=\"https:\/\/fragmentos.zabeleta.pt\/wp-content\/uploads\/2026\/08\/NGC7023_20260708_v2-300x169.jpg\" data-src=\"https:\/\/fragmentos.zabeleta.pt\/wp-content\/uploads\/2026\/08\/NGC7023_20260708_v2-300x169.jpg\" data-caption=\"A Flor do \u00c9ter &lt;br&gt;&lt;small&gt;&lt;i&gt;O Espelho de Cefeu&lt;\/i&gt;&lt;\/small&gt;\" srcset=\"https:\/\/fragmentos.zabeleta.pt\/wp-content\/uploads\/2026\/08\/NGC7023_20260708_v2-scaled.jpg 2133w, https:\/\/fragmentos.zabeleta.pt\/wp-content\/uploads\/2026\/08\/NGC7023_20260708_v2-scaled-300x169.jpg 300w, https:\/\/fragmentos.zabeleta.pt\/wp-content\/uploads\/2026\/08\/NGC7023_20260708_v2-1024x576.jpg 1024w, https:\/\/fragmentos.zabeleta.pt\/wp-content\/uploads\/2026\/08\/NGC7023_20260708_v2-768x432.jpg 768w, https:\/\/fragmentos.zabeleta.pt\/wp-content\/uploads\/2026\/08\/NGC7023_20260708_v2-1536x864.jpg 1536w, https:\/\/fragmentos.zabeleta.pt\/wp-content\/uploads\/2026\/08\/NGC7023_20260708_v2-2048x1152.jpg 2048w\" sizes=\"auto, (max-width: 300px) 100vw, 300px\" \/>\n\t\t<div class=\"figc\">\n\t\t\t<div class=\"figc-inner\">\n\t\t\t\t\t\t\t\t\t\t\t\t\t<div class=\"jtg-description\">A Flor do \u00c9ter <br><small><i>O Espelho de Cefeu<\/i><\/small><\/div>\n\t\t\t\t\t\t\t\t\t\t\t<\/div>\n\t\t<\/div>\n\n\t<\/div>\n\n<\/div><div class=\"modula-item effect-pufrobo\" >\n\t<div class=\"modula-item-overlay\"><\/div>\n\n\t<div class=\"modula-item-content\">\n\n\t\t<a data-image-id=\"353\" role=\"button\" tabindex=\"0\" rel=\"jtg-355\" data-caption=\"A Flor do \u00c9ter &lt;br&gt;&lt;small&gt;&lt;i&gt;O Espelho de Cefeu&lt;\/i&gt;&lt;\/small&gt;\" aria-label=\"Open image in lightbox\" class=\"tile-inner modula-item-link\"><\/a><img loading=\"lazy\" decoding=\"async\" class=\"pic wp-image-353\"  data-valign=\"middle\" data-halign=\"center\" alt=\"Fotografia astron\u00f3mica profunda exibindo a Nebulosa da \u00cdris (NGC 7023) no centro, caracterizada por um n\u00facleo estelar brilhante intensamente rodeado por delicadas e complexas nuvens de poeira reflectora de tons azuis e anil. Todo o campo em torno da nebulosa revela extensas e imponentes massas de poeira escura e acastanhada que bloqueiam a luz de fundo. A imagem encontra-se ponteada por estrelas n\u00edtidas de diversas colora\u00e7\u00f5es sobre um c\u00e9u negro e profundo.\" data-full=\"https:\/\/fragmentos.zabeleta.pt\/wp-content\/uploads\/2026\/08\/NGC7023_20260708_v3.jpg\" title=\"NGC7023_20260708_v3\" crop=\"\" width=\"300\" height=\"169\" src=\"https:\/\/fragmentos.zabeleta.pt\/wp-content\/uploads\/2026\/08\/NGC7023_20260708_v3-300x169.jpg\" data-src=\"https:\/\/fragmentos.zabeleta.pt\/wp-content\/uploads\/2026\/08\/NGC7023_20260708_v3-300x169.jpg\" data-caption=\"A Flor do \u00c9ter &lt;br&gt;&lt;small&gt;&lt;i&gt;O Espelho de Cefeu&lt;\/i&gt;&lt;\/small&gt;\" srcset=\"https:\/\/fragmentos.zabeleta.pt\/wp-content\/uploads\/2026\/08\/NGC7023_20260708_v3-scaled.jpg 2133w, https:\/\/fragmentos.zabeleta.pt\/wp-content\/uploads\/2026\/08\/NGC7023_20260708_v3-scaled-300x169.jpg 300w, https:\/\/fragmentos.zabeleta.pt\/wp-content\/uploads\/2026\/08\/NGC7023_20260708_v3-1024x576.jpg 1024w, https:\/\/fragmentos.zabeleta.pt\/wp-content\/uploads\/2026\/08\/NGC7023_20260708_v3-768x432.jpg 768w, https:\/\/fragmentos.zabeleta.pt\/wp-content\/uploads\/2026\/08\/NGC7023_20260708_v3-1536x864.jpg 1536w, https:\/\/fragmentos.zabeleta.pt\/wp-content\/uploads\/2026\/08\/NGC7023_20260708_v3-2048x1152.jpg 2048w\" sizes=\"auto, (max-width: 300px) 100vw, 300px\" \/>\n\t\t<div class=\"figc\">\n\t\t\t<div class=\"figc-inner\">\n\t\t\t\t\t\t\t\t\t\t\t\t\t<div class=\"jtg-description\">A Flor do \u00c9ter <br><small><i>O Espelho de Cefeu<\/i><\/small><\/div>\n\t\t\t\t\t\t\t\t\t\t\t<\/div>\n\t\t<\/div>\n\n\t<\/div>\n\n<\/div><div class=\"modula-item effect-pufrobo\" >\n\t<div class=\"modula-item-overlay\"><\/div>\n\n\t<div class=\"modula-item-content\">\n\n\t\t<a data-image-id=\"354\" role=\"button\" tabindex=\"0\" rel=\"jtg-355\" data-caption=\"A Flor do \u00c9ter &lt;br&gt;&lt;small&gt;&lt;i&gt;O Espelho de Cefeu&lt;\/i&gt;&lt;\/small&gt;\" aria-label=\"Open image in lightbox\" class=\"tile-inner modula-item-link\"><\/a><img loading=\"lazy\" decoding=\"async\" class=\"pic wp-image-354\"  data-valign=\"middle\" data-halign=\"center\" alt=\"Fotografia astron\u00f3mica profunda exibindo a Nebulosa da \u00cdris (NGC 7023) no centro, caracterizada por um n\u00facleo estelar brilhante intensamente rodeado por delicadas e complexas nuvens de poeira reflectora de tons azuis e anil. Todo o campo em torno da nebulosa revela extensas e imponentes massas de poeira escura e acastanhada que bloqueiam a luz de fundo. A imagem encontra-se ponteada por estrelas n\u00edtidas de diversas colora\u00e7\u00f5es sobre um c\u00e9u negro e profundo.\" data-full=\"https:\/\/fragmentos.zabeleta.pt\/wp-content\/uploads\/2026\/08\/NGC7023_20260708_v4.jpg\" title=\"NGC7023_20260708_v4\" crop=\"\" width=\"300\" height=\"169\" src=\"https:\/\/fragmentos.zabeleta.pt\/wp-content\/uploads\/2026\/08\/NGC7023_20260708_v4-300x169.jpg\" data-src=\"https:\/\/fragmentos.zabeleta.pt\/wp-content\/uploads\/2026\/08\/NGC7023_20260708_v4-300x169.jpg\" data-caption=\"A Flor do \u00c9ter &lt;br&gt;&lt;small&gt;&lt;i&gt;O Espelho de Cefeu&lt;\/i&gt;&lt;\/small&gt;\" srcset=\"https:\/\/fragmentos.zabeleta.pt\/wp-content\/uploads\/2026\/08\/NGC7023_20260708_v4-scaled.jpg 2133w, https:\/\/fragmentos.zabeleta.pt\/wp-content\/uploads\/2026\/08\/NGC7023_20260708_v4-scaled-300x169.jpg 300w, https:\/\/fragmentos.zabeleta.pt\/wp-content\/uploads\/2026\/08\/NGC7023_20260708_v4-1024x576.jpg 1024w, https:\/\/fragmentos.zabeleta.pt\/wp-content\/uploads\/2026\/08\/NGC7023_20260708_v4-768x432.jpg 768w, https:\/\/fragmentos.zabeleta.pt\/wp-content\/uploads\/2026\/08\/NGC7023_20260708_v4-1536x864.jpg 1536w, https:\/\/fragmentos.zabeleta.pt\/wp-content\/uploads\/2026\/08\/NGC7023_20260708_v4-2048x1152.jpg 2048w\" sizes=\"auto, (max-width: 300px) 100vw, 300px\" \/>\n\t\t<div class=\"figc\">\n\t\t\t<div class=\"figc-inner\">\n\t\t\t\t\t\t\t\t\t\t\t\t\t<div class=\"jtg-description\">A Flor do \u00c9ter <br><small><i>O Espelho de Cefeu<\/i><\/small><\/div>\n\t\t\t\t\t\t\t\t\t\t\t<\/div>\n\t\t<\/div>\n\n\t<\/div>\n\n<\/div>\t\t\n\t<\/div>\n\n\t\n\t\n\t<script type=\"application\/ld+json\">\n\t{\n\t\t\"@context\": \"https:\/\/schema.org\",\n\t\t\"@type\"   : \"ImageGallery\",\n\t\t\"id\"      : \"https:\/\/fragmentos.zabeleta.pt\/?p=356\/#modula-gallery-355\",\n\t\t\"url\"     : \"https:\/\/fragmentos.zabeleta.pt\/?p=356\/\"\n\t}\n\n\t<\/script>\n\n\t\n<\/div>\n","protected":false},"excerpt":{"rendered":"<p>O firmamento n\u00e3o \u00e9 tecido exclusivamente pela viol\u00eancia de fornalhas devoradoras; nas suas profundezas mais silenciosas e g\u00e9lidas, desabrocham tamb\u00e9m jardins ocultos. Um mergulho abissal na Nebulosa da \u00cdris (NGC 7023), captada ao longo de sete noites fragmentadas de vig\u00edlia sob a ab\u00f3bada de Cefeu. Aqui, uma espessa caverna de poeira c\u00f3smica actua como um espelho monumental, reflectindo a luz de uma \u00fanica e fulgurante estrela central para transformar a treva absoluta numa majestosa flor azul. Uma longa medita\u00e7\u00e3o visual sobre o poder do reflexo herm\u00e9tico e a capacidade de iluminar o abismo n\u00e3o pelo fogo, mas pela pura receptividade da forma.<\/p>\n","protected":false},"author":1,"featured_media":351,"comment_status":"open","ping_status":"closed","sticky":false,"template":"","format":"standard","meta":{"footnotes":""},"categories":[8],"tags":[],"class_list":["post-356","post","type-post","status-publish","format-standard","has-post-thumbnail","hentry","category-tapecaria"],"jetpack_featured_media_url":"https:\/\/fragmentos.zabeleta.pt\/wp-content\/uploads\/2026\/08\/NGC7023_20260708_v1-scaled.jpg","_links":{"self":[{"href":"https:\/\/fragmentos.zabeleta.pt\/index.php?rest_route=\/wp\/v2\/posts\/356","targetHints":{"allow":["GET"]}}],"collection":[{"href":"https:\/\/fragmentos.zabeleta.pt\/index.php?rest_route=\/wp\/v2\/posts"}],"about":[{"href":"https:\/\/fragmentos.zabeleta.pt\/index.php?rest_route=\/wp\/v2\/types\/post"}],"author":[{"embeddable":true,"href":"https:\/\/fragmentos.zabeleta.pt\/index.php?rest_route=\/wp\/v2\/users\/1"}],"replies":[{"embeddable":true,"href":"https:\/\/fragmentos.zabeleta.pt\/index.php?rest_route=%2Fwp%2Fv2%2Fcomments&post=356"}],"version-history":[{"count":1,"href":"https:\/\/fragmentos.zabeleta.pt\/index.php?rest_route=\/wp\/v2\/posts\/356\/revisions"}],"predecessor-version":[{"id":358,"href":"https:\/\/fragmentos.zabeleta.pt\/index.php?rest_route=\/wp\/v2\/posts\/356\/revisions\/358"}],"wp:featuredmedia":[{"embeddable":true,"href":"https:\/\/fragmentos.zabeleta.pt\/index.php?rest_route=\/wp\/v2\/media\/351"}],"wp:attachment":[{"href":"https:\/\/fragmentos.zabeleta.pt\/index.php?rest_route=%2Fwp%2Fv2%2Fmedia&parent=356"}],"wp:term":[{"taxonomy":"category","embeddable":true,"href":"https:\/\/fragmentos.zabeleta.pt\/index.php?rest_route=%2Fwp%2Fv2%2Fcategories&post=356"},{"taxonomy":"post_tag","embeddable":true,"href":"https:\/\/fragmentos.zabeleta.pt\/index.php?rest_route=%2Fwp%2Fv2%2Ftags&post=356"}],"curies":[{"name":"wp","href":"https:\/\/api.w.org\/{rel}","templated":true}]}}